{"id":45864,"date":"2025-02-15T14:44:31","date_gmt":"2025-02-15T17:44:31","guid":{"rendered":"https:\/\/portalnewsgta.com.br\/index.php\/2025\/02\/15\/memphis-faz-festa-luxuosa-de-aniversario-com-jogadores-do-corinthians\/"},"modified":"2025-02-15T14:44:31","modified_gmt":"2025-02-15T17:44:31","slug":"memphis-faz-festa-luxuosa-de-aniversario-com-jogadores-do-corinthians","status":"publish","type":"post","link":"https:\/\/portalnewsgta.com.br\/index.php\/2025\/02\/15\/memphis-faz-festa-luxuosa-de-aniversario-com-jogadores-do-corinthians\/","title":{"rendered":"Memphis faz festa luxuosa de anivers\u00e1rio com jogadores do Corinthians"},"content":{"rendered":"<p>S\u00c3O PAULO, SP (UOL\/FOLHAPRESS) &#8211; Memphis Depay comemorou os seus 31 anos, completados nesta quinta-feira (13), com uma festa de gala em um pal\u00e1cio em S\u00e3o Paulo.<\/p>\n<div class=\"dummyPub\">\u00a0<\/div>\n<p>O evento foi realizado no Pal\u00e1cio dos Cedros. Ele fica localizado no bairro do Ipiranga, na capital paulista, e costuma receber casamentos e festa de debutantes. Carros de colecionadores foram colocados no local para a comemora\u00e7\u00e3o de Memphis.<\/p>\n<p>A festa contou com a presen\u00e7a de jogadores e demais funcion\u00e1rios do Corinthians. Todos usaram trajes sociais.<\/p>\n<p>Alguns jogadores publicaram fotos dos looks usados para a festa. &#8220;Partiu churrasco do Memphis&#8221;, brincou Talles Magno.<\/p>\n<p>As celebra\u00e7\u00f5es j\u00e1 haviam come\u00e7ado ap\u00f3s a vit\u00f3ria do Corinthians sobre o Santos. O holand\u00eas fez uma comemora\u00e7\u00e3o mais discreta e com pessoas mais pr\u00f3ximas.<\/p>\n<p>Leia Tamb\u00e9m: <a href=\"https:\/\/www.noticiasaominuto.com.br\/esporte\/2260123\/neymar-da-susto-em-torcedores-ao-surgir-deitado-com-inalador\" target=\"_blank\" rel=\"noopener\">Neymar d\u00e1 susto em torcedores ao surgir deitado com inalador<\/a><\/p>\n<p>Fonte: noticiasaominuto.com.br<\/p>\n","protected":false},"excerpt":{"rendered":"<p>S\u00c3O PAULO, SP (UOL\/FOLHAPRESS) &#8211; Memphis Depay comemorou os seus 31 anos, completados nesta quinta-feira<\/p>\n","protected":false},"author":0,"featured_media":45865,"comment_status":"open","ping_status":"open","sticky":false,"template":"","format":"standard","meta":{"footnotes":""},"categories":[4],"tags":[],"aioseo_notices":[],"_links":{"self":[{"href":"https:\/\/portalnewsgta.com.br\/index.php\/wp-json\/wp\/v2\/posts\/45864"}],"collection":[{"href":"https:\/\/portalnewsgta.com.br\/index.php\/wp-json\/wp\/v2\/posts"}],"about":[{"href":"https:\/\/portalnewsgta.com.br\/index.php\/wp-json\/wp\/v2\/types\/post"}],"replies":[{"embeddable":true,"href":"https:\/\/portalnewsgta.com.br\/index.php\/wp-json\/wp\/v2\/comments?post=45864"}],"version-history":[{"count":0,"href":"https:\/\/portalnewsgta.com.br\/index.php\/wp-json\/wp\/v2\/posts\/45864\/revisions"}],"wp:featuredmedia":[{"embeddable":true,"href":"https:\/\/portalnewsgta.com.br\/index.php\/wp-json\/wp\/v2\/media\/45865"}],"wp:attachment":[{"href":"https:\/\/portalnewsgta.com.br\/index.php\/wp-json\/wp\/v2\/media?parent=45864"}],"wp:term":[{"taxonomy":"category","embeddable":true,"href":"https:\/\/portalnewsgta.com.br\/index.php\/wp-json\/wp\/v2\/categories?post=45864"},{"taxonomy":"post_tag","embeddable":true,"href":"https:\/\/portalnewsgta.com.br\/index.php\/wp-json\/wp\/v2\/tags?post=45864"}],"curies":[{"name":"wp","href":"https:\/\/api.w.org\/{rel}","templated":true}]}}