{"id":45838,"date":"2025-02-14T22:43:10","date_gmt":"2025-02-15T01:43:10","guid":{"rendered":"https:\/\/portalnewsgta.com.br\/index.php\/2025\/02\/14\/palmeiras-anuncia-contratacao-de-bruno-fuchs-quarto-reforco-para-2025\/"},"modified":"2025-02-14T22:43:10","modified_gmt":"2025-02-15T01:43:10","slug":"palmeiras-anuncia-contratacao-de-bruno-fuchs-quarto-reforco-para-2025","status":"publish","type":"post","link":"https:\/\/portalnewsgta.com.br\/index.php\/2025\/02\/14\/palmeiras-anuncia-contratacao-de-bruno-fuchs-quarto-reforco-para-2025\/","title":{"rendered":"Palmeiras anuncia contrata\u00e7\u00e3o de Bruno Fuchs, quarto refor\u00e7o para 2025"},"content":{"rendered":"<p>S\u00c3O PAULO, SP (UOL\/FOLHAPRESS) &#8211; O Palmeiras anunciou na noite desta sexta-feira (14) a contrata\u00e7\u00e3o do zagueiro Bruno Fuchs, que estava no Atl\u00e9tico-MG.<\/p>\n<div class=\"dummyPub\">\u00a0<\/div>\n<p>Palmeiras e Atl\u00e9tico-MG fecharam uma troca: o Galo recebeu o lateral esquerdo Caio Paulista e o Palmeiras fica com o zagueiro Bruno Fuchs. Ambos chegam por empr\u00e9stimo aos novos clubes at\u00e9 o fim da temporada com op\u00e7\u00e3o de compra.<\/p>\n<p>&#8220;\u00c9 um ano bem diferente, com o Super Mundial. Isso mexe com todo mundo, todo mundo quer jogar esse tipo de competi\u00e7\u00e3o. Ser convidado pelo Palmeiras ent\u00e3o? O desejo fica maior ainda. Fiquei muito feliz e realizado, n\u00e3o pensei duas vezes e aceitei logo. Estou muito motivado e quero estar em campo logo&#8221;, disse Fuchs, em entrevista \u00e0 TV Palmeiras.<\/p>\n<p>Ele chega para preencher uma lacuna no elenco da equipe paulista. O clube estava atr\u00e1s de um zagueiro no mercado ap\u00f3s negociar Vitor Reis com o Manchester City, e a comiss\u00e3o t\u00e9cnica avaliou que essa era uma das necessidades.<\/p>\n<p>Palmeiras v\u00ea com muitos bons olhos o acordo. Fuchs tem 25 anos foi campe\u00e3o ol\u00edmpico com a sele\u00e7\u00e3o em T\u00f3quio e foi vendido pelo Inter para o CSKA em 2020 por 8 milh\u00f5es de euros.<\/p>\n<p>Bruno Fuchs \u00e9 o quarto refor\u00e7o anunciado pelo Palmeiras nesta temporada. Os atacantes Facundo Torres e Paulinho, e o meio-campista Emiliano Mart\u00ednez tamb\u00e9m chegaram para 2025.<\/p>\n<p>O Palmeiras segue trabalhando no mercado da bola para refor\u00e7ar o seu elenco. O zagueiro Micael, do Houston Dynamo, tem negocia\u00e7\u00f5es com o clube.<\/p>\n<p>Fonte: noticiasaominuto.com.br<\/p>\n","protected":false},"excerpt":{"rendered":"<p>S\u00c3O PAULO, SP (UOL\/FOLHAPRESS) &#8211; O Palmeiras anunciou na noite desta sexta-feira (14) a contrata\u00e7\u00e3o<\/p>\n","protected":false},"author":0,"featured_media":45839,"comment_status":"open","ping_status":"open","sticky":false,"template":"","format":"standard","meta":{"footnotes":""},"categories":[4],"tags":[],"aioseo_notices":[],"_links":{"self":[{"href":"https:\/\/portalnewsgta.com.br\/index.php\/wp-json\/wp\/v2\/posts\/45838"}],"collection":[{"href":"https:\/\/portalnewsgta.com.br\/index.php\/wp-json\/wp\/v2\/posts"}],"about":[{"href":"https:\/\/portalnewsgta.com.br\/index.php\/wp-json\/wp\/v2\/types\/post"}],"replies":[{"embeddable":true,"href":"https:\/\/portalnewsgta.com.br\/index.php\/wp-json\/wp\/v2\/comments?post=45838"}],"version-history":[{"count":0,"href":"https:\/\/portalnewsgta.com.br\/index.php\/wp-json\/wp\/v2\/posts\/45838\/revisions"}],"wp:featuredmedia":[{"embeddable":true,"href":"https:\/\/portalnewsgta.com.br\/index.php\/wp-json\/wp\/v2\/media\/45839"}],"wp:attachment":[{"href":"https:\/\/portalnewsgta.com.br\/index.php\/wp-json\/wp\/v2\/media?parent=45838"}],"wp:term":[{"taxonomy":"category","embeddable":true,"href":"https:\/\/portalnewsgta.com.br\/index.php\/wp-json\/wp\/v2\/categories?post=45838"},{"taxonomy":"post_tag","embeddable":true,"href":"https:\/\/portalnewsgta.com.br\/index.php\/wp-json\/wp\/v2\/tags?post=45838"}],"curies":[{"name":"wp","href":"https:\/\/api.w.org\/{rel}","templated":true}]}}