{"id":45836,"date":"2025-02-14T22:43:03","date_gmt":"2025-02-15T01:43:03","guid":{"rendered":"https:\/\/portalnewsgta.com.br\/index.php\/2025\/02\/14\/netflix-considera-checar-redes-sociais-de-atores-apos-polemica-com-karla-sofia-gascon\/"},"modified":"2025-02-14T22:43:03","modified_gmt":"2025-02-15T01:43:03","slug":"netflix-considera-checar-redes-sociais-de-atores-apos-polemica-com-karla-sofia-gascon","status":"publish","type":"post","link":"https:\/\/portalnewsgta.com.br\/index.php\/2025\/02\/14\/netflix-considera-checar-redes-sociais-de-atores-apos-polemica-com-karla-sofia-gascon\/","title":{"rendered":"Netflix considera checar redes sociais de atores ap\u00f3s pol\u00eamica com Karla Sof\u00eda Gasc\u00f3n"},"content":{"rendered":"<p>RIO DE JANEIRO, RJ (FOLHAPRESS) &#8211; A pol\u00eamica envolvendo Karla Sof\u00eda Gasc\u00f3n e suas publica\u00e7\u00f5es antigas no X sobre islamismo, o caso George Floyd e o Oscar continua repercutindo. A diretora de conte\u00fado da Netflix, Bela Bajaria, comentou o epis\u00f3dio relacionado \u00e0 campanha de divulga\u00e7\u00e3o de &#8220;Emilia P\u00e9rez&#8221;, protagonizado pela atriz espanhola.<\/p>\n<div class=\"dummyPub\">\u00a0<\/div>\n<p>A executiva revelou que a plataforma de streaming n\u00e3o descarta a possibilidade de verificar as redes sociais de seus talentos para evitar situa\u00e7\u00f5es semelhantes no futuro. No entanto, ela tamb\u00e9m destacou que essa triagem n\u00e3o \u00e9 simples na pr\u00e1tica. &#8220;Ser\u00e1 que isso se tornar\u00e1 um procedimento padr\u00e3o daqui em diante? Acho que o time fez um trabalho incr\u00edvel na campanha de &#8216;Emilia P\u00e9rez&#8217; e acredito que este caso est\u00e1 levantando quest\u00f5es e levando muitas pessoas a repensarem&#8221;, afirmou.<\/p>\n<p>Bajaria explicou que h\u00e1 discuss\u00f5es internas sobre o tema. &#8220;Vamos realmente monitorar as redes sociais de milhares de pessoas ao redor do mundo, todos os dias, considerando a quantidade de filmes e s\u00e9ries originais que licenciamos e coproduzimos?&#8221;, questionou em entrevista ao The Town Podcast, comandado pelo jornalista Matt Belloni. &#8220;Acho que isso extrapola, na pr\u00e1tica, o que tudo isso significa. S\u00e3o perfis pessoais dessas pessoas. Mas, sem d\u00favida, a situa\u00e7\u00e3o levanta esses questionamentos.&#8221;<\/p>\n<p>Ela tamb\u00e9m lamentou que a pol\u00eamica tenha desviado o foco do filme. &#8220;\u00c9 uma pena para as pessoas incr\u00edveis que trabalharam nesse projeto maravilhoso&#8221;, disse Bajaria. &#8220;Se olharmos para as indica\u00e7\u00f5es e os pr\u00eamios que &#8220;Emilia P\u00e9rez&#8221; j\u00e1 recebeu, \u00e9 triste. Isso desviou a aten\u00e7\u00e3o de tudo isso e acabou sequestrando a conversa sobre o incr\u00edvel Jacques Audiard. Tamb\u00e9m \u00e9 lament\u00e1vel para Zoe Salda\u00f1a e Selena Gomez, que passaram seis meses promovendo o filme e viram a situa\u00e7\u00e3o explodir dessa forma.&#8221;<\/p>\n<p>&#8220;Emilia P\u00e9rez&#8221; tem 13 indica\u00e7\u00f5es ao Oscar 2025 e enfrenta turbul\u00eancias na campanha de divulga\u00e7\u00e3o desde que as publica\u00e7\u00f5es antigas de Gasc\u00f3n vieram \u00e0 tona. No in\u00edcio de fevereiro, a atriz anunciou seu afastamento da campanha at\u00e9 o Oscar, em 2 de mar\u00e7o. Com isso, j\u00e1 esteve ausente do Critics&#8217; Choice Awards, do PGA Awards (pr\u00eamio do sindicato dos produtores) e do Goya, o &#8220;Oscar espanhol&#8221;. Al\u00e9m disso, n\u00e3o est\u00e1 na lista de convidados do BAFTA Film Awards, marcado para o pr\u00f3ximo domingo (16).<\/p>\n<p>Fonte: noticiasaominuto.com.br<\/p>\n","protected":false},"excerpt":{"rendered":"<p>RIO DE JANEIRO, RJ (FOLHAPRESS) &#8211; A pol\u00eamica envolvendo Karla Sof\u00eda Gasc\u00f3n e suas publica\u00e7\u00f5es<\/p>\n","protected":false},"author":0,"featured_media":45837,"comment_status":"open","ping_status":"open","sticky":false,"template":"","format":"standard","meta":{"footnotes":""},"categories":[6],"tags":[],"aioseo_notices":[],"_links":{"self":[{"href":"https:\/\/portalnewsgta.com.br\/index.php\/wp-json\/wp\/v2\/posts\/45836"}],"collection":[{"href":"https:\/\/portalnewsgta.com.br\/index.php\/wp-json\/wp\/v2\/posts"}],"about":[{"href":"https:\/\/portalnewsgta.com.br\/index.php\/wp-json\/wp\/v2\/types\/post"}],"replies":[{"embeddable":true,"href":"https:\/\/portalnewsgta.com.br\/index.php\/wp-json\/wp\/v2\/comments?post=45836"}],"version-history":[{"count":0,"href":"https:\/\/portalnewsgta.com.br\/index.php\/wp-json\/wp\/v2\/posts\/45836\/revisions"}],"wp:featuredmedia":[{"embeddable":true,"href":"https:\/\/portalnewsgta.com.br\/index.php\/wp-json\/wp\/v2\/media\/45837"}],"wp:attachment":[{"href":"https:\/\/portalnewsgta.com.br\/index.php\/wp-json\/wp\/v2\/media?parent=45836"}],"wp:term":[{"taxonomy":"category","embeddable":true,"href":"https:\/\/portalnewsgta.com.br\/index.php\/wp-json\/wp\/v2\/categories?post=45836"},{"taxonomy":"post_tag","embeddable":true,"href":"https:\/\/portalnewsgta.com.br\/index.php\/wp-json\/wp\/v2\/tags?post=45836"}],"curies":[{"name":"wp","href":"https:\/\/api.w.org\/{rel}","templated":true}]}}