{"id":45832,"date":"2025-02-14T21:42:41","date_gmt":"2025-02-15T00:42:41","guid":{"rendered":"https:\/\/portalnewsgta.com.br\/index.php\/2025\/02\/14\/otavio-mesquita-compartilha-boa-recuperacao-apos-cirurgia-cardiaca\/"},"modified":"2025-02-14T21:42:41","modified_gmt":"2025-02-15T00:42:41","slug":"otavio-mesquita-compartilha-boa-recuperacao-apos-cirurgia-cardiaca","status":"publish","type":"post","link":"https:\/\/portalnewsgta.com.br\/index.php\/2025\/02\/14\/otavio-mesquita-compartilha-boa-recuperacao-apos-cirurgia-cardiaca\/","title":{"rendered":"Ot\u00e1vio Mesquita compartilha boa recupera\u00e7\u00e3o ap\u00f3s cirurgia card\u00edaca"},"content":{"rendered":"<p>S\u00c3O PAULO, SP (UOL\/FOLHAPRESS) &#8211; Ot\u00e1vio Mesquita, 65, anunciou que est\u00e1 em boa recupera\u00e7\u00e3o ap\u00f3s cirurgia card\u00edaca.\u00a0O apresentador de 65 anos descobriu uma obstru\u00e7\u00e3o s\u00e9ria no cora\u00e7\u00e3o. Ele veio a p\u00fablico contar sobre o seu atual estado de sa\u00fade algumas semanas depois de ter passado por uma cirurgia na regi\u00e3o.<\/p>\n<div class=\"dummyPub\">\u00a0<\/div>\n<p>Nesta sexta-feira (14), ele postou uma foto no Instagram em um exame e afirmou que est\u00e1 bem. &#8220;Olha a\u00ed! Depois da cirurgia, estou \u00f3timo&#8221;, escreveu.<\/p>\n<p>No fim de janeiro, Ot\u00e1vio contou nas redes que precisou fazer um exame nas coron\u00e1rias e foi ent\u00e3o que descobriu sobre a obstru\u00e7\u00e3o s\u00e9ria. &#8220;Fiz o exame e descobri que uma das minhas coron\u00e1rias estavam 95% tapadas. Podia ter um ataque do cora\u00e7\u00e3o e ir para o c\u00e9u. Gra\u00e7as a Deus, eu fiz essa opera\u00e7\u00e3o, estou muito feliz com todos os m\u00e9dicos que me ajudaram&#8221;.<\/p>\n<p>A obstru\u00e7\u00e3o coron\u00e1ria \u00e9 um bloqueio parcial ou total das art\u00e9rias coron\u00e1rias, que levam sangue oxigenado ao cora\u00e7\u00e3o. O bloqueio pode ser causado atrav\u00e9s do ac\u00famulo de placas de gordura, colesterol ou outras subst\u00e2ncias nas paredes dos vasos sangu\u00edneos.<\/p>\n<p>Leia Tamb\u00e9m: <a href=\"https:\/\/www.noticiasaominuto.com.br\/fama\/2259947\/aguinaldo-silva-diz-ter-ciume-de-vale-tudo-e-que-nao-foi-procurado-por-manuela-dias\" target=\"_blank\" rel=\"noopener\">Aguinaldo Silva diz ter ci\u00fame de &#8216;Vale Tudo&#8217; e que n\u00e3o foi procurado por Manuela Dias<\/a><\/p>\n<p>Fonte: noticiasaominuto.com.br<\/p>\n","protected":false},"excerpt":{"rendered":"<p>S\u00c3O PAULO, SP (UOL\/FOLHAPRESS) &#8211; Ot\u00e1vio Mesquita, 65, anunciou que est\u00e1 em boa recupera\u00e7\u00e3o ap\u00f3s<\/p>\n","protected":false},"author":0,"featured_media":45833,"comment_status":"open","ping_status":"open","sticky":false,"template":"","format":"standard","meta":{"footnotes":""},"categories":[6],"tags":[],"aioseo_notices":[],"_links":{"self":[{"href":"https:\/\/portalnewsgta.com.br\/index.php\/wp-json\/wp\/v2\/posts\/45832"}],"collection":[{"href":"https:\/\/portalnewsgta.com.br\/index.php\/wp-json\/wp\/v2\/posts"}],"about":[{"href":"https:\/\/portalnewsgta.com.br\/index.php\/wp-json\/wp\/v2\/types\/post"}],"replies":[{"embeddable":true,"href":"https:\/\/portalnewsgta.com.br\/index.php\/wp-json\/wp\/v2\/comments?post=45832"}],"version-history":[{"count":0,"href":"https:\/\/portalnewsgta.com.br\/index.php\/wp-json\/wp\/v2\/posts\/45832\/revisions"}],"wp:featuredmedia":[{"embeddable":true,"href":"https:\/\/portalnewsgta.com.br\/index.php\/wp-json\/wp\/v2\/media\/45833"}],"wp:attachment":[{"href":"https:\/\/portalnewsgta.com.br\/index.php\/wp-json\/wp\/v2\/media?parent=45832"}],"wp:term":[{"taxonomy":"category","embeddable":true,"href":"https:\/\/portalnewsgta.com.br\/index.php\/wp-json\/wp\/v2\/categories?post=45832"},{"taxonomy":"post_tag","embeddable":true,"href":"https:\/\/portalnewsgta.com.br\/index.php\/wp-json\/wp\/v2\/tags?post=45832"}],"curies":[{"name":"wp","href":"https:\/\/api.w.org\/{rel}","templated":true}]}}