{"id":45747,"date":"2025-02-14T14:42:56","date_gmt":"2025-02-14T17:42:56","guid":{"rendered":"https:\/\/portalnewsgta.com.br\/index.php\/2025\/02\/14\/zubeldia-pede-calma-com-defesa-do-sao-paulo-e-exime-jandrei-de-culpa\/"},"modified":"2025-02-14T14:42:56","modified_gmt":"2025-02-14T17:42:56","slug":"zubeldia-pede-calma-com-defesa-do-sao-paulo-e-exime-jandrei-de-culpa","status":"publish","type":"post","link":"https:\/\/portalnewsgta.com.br\/index.php\/2025\/02\/14\/zubeldia-pede-calma-com-defesa-do-sao-paulo-e-exime-jandrei-de-culpa\/","title":{"rendered":"Zubeld\u00eda pede calma com defesa do S\u00e3o Paulo e exime Jandrei de culpa"},"content":{"rendered":"<p>S\u00c3O PAULO, SP (UOL\/FOLHAPRESS) &#8211; Luis Zubeld\u00eda, t\u00e9cnico do S\u00e3o Paulo, minimizou os problemas defensivos da equipe ap\u00f3s o empate do Tricolor por 3 a 3 com o Velo Clube nesta quinta-feira (13).<\/p>\n<div class=\"dummyPub\">\u00a0<\/div>\n<p>Para o comandante s\u00e3o-paulino, com mais dias de treino ser\u00e1 poss\u00edvel o S\u00e3o Paulo &#8220;recuperar a confian\u00e7a&#8221; e parar de sofrer tantos gols. De quebra, Zubeld\u00eda ainda eximiu o goleiro Jandrei de qualquer culpa nos gols marcados pelo Velo.<\/p>\n<p><span class=\"news_bold\">FALA, ZUBELD\u00cdA!<\/span><\/p>\n<p>O t\u00e9cnico do S\u00e3o Paulo comentou o mau momento da equipe, que soma duas derrotas, dois empates e apenas uma vit\u00f3ria nos \u00faltimos cinco jogos.<\/p>\n<p>&#8220;Era importante a vit\u00f3ria hoje para buscarmos a classifica\u00e7\u00e3o em primeiro. Simplesmente n\u00e3o fomos capazes de conseguir mais pontos aqui em Bras\u00edlia. Agora temos que seguir competindo e lutando e classificar, e entrar nas quartas de final&#8221;, disse Luis Zubeld\u00eda, t\u00e9cnico do S\u00e3o Paulo.<\/p>\n<p>Questionado sobre as falhas na zaga do S\u00e3o Paulo, o t\u00e9cnico minimizou os problemas e lembrou o calend\u00e1rio apertado do futebol brasileiro.<\/p>\n<p>&#8220;Estamos fazendo algo errado, isso \u00e9 claro. Facilitamos no segundo e terceiro gols. Mas n\u00e3o tenho d\u00favida de que vamos defender melhor, encontrar o equilibro ofensivo e defensivo. Ultimamente temos tido poucos dias de treinos, que n\u00e3o te permitem de trabalhar e resolver essa quest\u00e3o. \u00c9 dif\u00edcil corrigir isso agora, no meio da competi\u00e7\u00e3o&#8221;, disse Luis Zubeld\u00eda.<\/p>\n<p>Para o t\u00e9cnico s\u00e3o-paulino, assim que terminar a &#8220;maratona&#8221; de jogos, ser\u00e1 poss\u00edvel fazer os ajustes necess\u00e1rios. &#8220;Teremos mais equil\u00edbrio, precisamos de mais dias de trabalho. Os gols que tomamos \u00e9 mais inseguran\u00e7a que qualquer outra coisa. Com dias de trabalho e calma recuperaremos nossa confian\u00e7a&#8221;, disse o argentino.<\/p>\n<p>O comandante do Tricolor tamb\u00e9m eximiu o goleiro Jandrei, titular na vaga de Rafael, de qualquer culpa nos gols sofridos. &#8220;O resultado n\u00e3o passa por Jandrei. Ele n\u00e3o teve culpa nos gols&#8221;, disse o t\u00e9cnico, lembrando que Jandrei fez boas partidas quando assumiu o gol do S\u00e3o Paulo na temporada passada, quando Rafael ficou fora.<\/p>\n<p>Ao final da coletiva, o t\u00e9cnico lembrou que todos os clubes passam pelos problemas do calend\u00e1rio. &#8220;O mais importante \u00e9 que \u00e9 assim para todos. Est\u00e1 dif\u00edcil, como sab\u00edamos que seria dif\u00edcil, e \u00e9 assim para todo mundo. O futebol \u00e9 assim, temos que seguir, temos que jogar, se classificar, e se poss\u00edvel ganhar o t\u00edtulo. Precisamos virar a p\u00e1gina&#8221;, finalizou Zubeld\u00eda.<\/p>\n<p>Fonte: noticiasaominuto.com.br<\/p>\n","protected":false},"excerpt":{"rendered":"<p>S\u00c3O PAULO, SP (UOL\/FOLHAPRESS) &#8211; Luis Zubeld\u00eda, t\u00e9cnico do S\u00e3o Paulo, minimizou os problemas defensivos<\/p>\n","protected":false},"author":0,"featured_media":45748,"comment_status":"open","ping_status":"open","sticky":false,"template":"","format":"standard","meta":{"footnotes":""},"categories":[4],"tags":[],"aioseo_notices":[],"_links":{"self":[{"href":"https:\/\/portalnewsgta.com.br\/index.php\/wp-json\/wp\/v2\/posts\/45747"}],"collection":[{"href":"https:\/\/portalnewsgta.com.br\/index.php\/wp-json\/wp\/v2\/posts"}],"about":[{"href":"https:\/\/portalnewsgta.com.br\/index.php\/wp-json\/wp\/v2\/types\/post"}],"replies":[{"embeddable":true,"href":"https:\/\/portalnewsgta.com.br\/index.php\/wp-json\/wp\/v2\/comments?post=45747"}],"version-history":[{"count":0,"href":"https:\/\/portalnewsgta.com.br\/index.php\/wp-json\/wp\/v2\/posts\/45747\/revisions"}],"wp:featuredmedia":[{"embeddable":true,"href":"https:\/\/portalnewsgta.com.br\/index.php\/wp-json\/wp\/v2\/media\/45748"}],"wp:attachment":[{"href":"https:\/\/portalnewsgta.com.br\/index.php\/wp-json\/wp\/v2\/media?parent=45747"}],"wp:term":[{"taxonomy":"category","embeddable":true,"href":"https:\/\/portalnewsgta.com.br\/index.php\/wp-json\/wp\/v2\/categories?post=45747"},{"taxonomy":"post_tag","embeddable":true,"href":"https:\/\/portalnewsgta.com.br\/index.php\/wp-json\/wp\/v2\/tags?post=45747"}],"curies":[{"name":"wp","href":"https:\/\/api.w.org\/{rel}","templated":true}]}}