{"id":45735,"date":"2025-02-14T12:42:40","date_gmt":"2025-02-14T15:42:40","guid":{"rendered":"https:\/\/portalnewsgta.com.br\/index.php\/2025\/02\/14\/tilda-swinton-diz-no-festival-de-berlim-que-mundo-e-assolado-por-genocidios\/"},"modified":"2025-02-14T12:42:40","modified_gmt":"2025-02-14T15:42:40","slug":"tilda-swinton-diz-no-festival-de-berlim-que-mundo-e-assolado-por-genocidios","status":"publish","type":"post","link":"https:\/\/portalnewsgta.com.br\/index.php\/2025\/02\/14\/tilda-swinton-diz-no-festival-de-berlim-que-mundo-e-assolado-por-genocidios\/","title":{"rendered":"Tilda Swinton diz no Festival de Berlim que mundo \u00e9 assolado por genoc\u00eddios"},"content":{"rendered":"<p>S\u00c3O PAULO, SP (FOLHAPRESS) &#8211; A atriz Tilda Swinton discursou contra a perpetuidade de assassinatos em massa na cerim\u00f4nia de abertura do <a href=\"https:\/\/www1.folha.uol.com.br\/folha-topicos\/festival-de-berlim\/\">Festival de Berlim<\/a> deste ano, nesta quinta-feira (13). A artista subiu ao palco do evento para receber um pr\u00eamio pela carreira.<\/p>\n<div class=\"dummyPub\">\u00a0<\/div>\n<p>Swinton n\u00e3o especificou lugares ou pa\u00edses, mas disse na cerim\u00f4nia que Estados acionam genoc\u00eddios em diferentes regi\u00f5es do planeta, em um ato que ela classificou como terrorismo.<\/p>\n<p>&#8220;Estes s\u00e3o os fatos, eles precisam ser lidados&#8221;, disse a atriz em seu discurso. &#8220;O inumano est\u00e1 sendo perpetuado em nossa vig\u00edlia. Eu estou aqui para dar nome a ele sem hesita\u00e7\u00e3o ou d\u00favida, estendendo a minha solidariedade a todos aqueles que reconhecem a complac\u00eancia inaceit\u00e1vel de nossos governos viciados na gan\u00e2ncia, que se tornam amigos de destruidores do planeta e criminosos de guerra, de onde quer que eles venham.&#8221;<\/p>\n<p>Os coment\u00e1rios de Tilda Swinton acontecem horas depois de Todd Haynes e Rodrigo Moreno, respectivamente presidente e membro do j\u00fari do festival este ano, fazerem cr\u00edticas ao presidente americano\u00a0<a href=\"https:\/\/www1.folha.uol.com.br\/folha-topicos\/donald-trump\/\">Donald Trump<\/a> e argentino <a href=\"https:\/\/www1.folha.uol.com.br\/folha-topicos\/javier-milei\/\">Javier Milei<\/a>. Os coment\u00e1rios foram feitos <a href=\"https:\/\/www1.folha.uol.com.br\/ilustrada\/2025\/02\/festival-de-berlim-e-espaco-de-resistencia-em-tempos-de-trump-diz-todd-haynes.shtml\" target=\"\" rel=\"noopener\">durante uma coletiva de imprensa<\/a>.<\/p>\n<p>&#8220;Estamos assistindo a essa avalanche de a\u00e7\u00f5es nas primeiras semanas de gest\u00e3o. Preocupa muito&#8221;, disse Haynes sobre Trump. &#8220;Acho que faz parte da estrat\u00e9gia criar uma sensa\u00e7\u00e3o de instabilidade, choque, pois as pessoas t\u00eam muito receio da situa\u00e7\u00e3o econ\u00f4mica. Temos que procurar formas de resist\u00eancia dentro do nosso setor.&#8221;<\/p>\n<p>J\u00e1 Moreno, argentino, chamou Milei de maluco e fascista. &#8220;\u00c9 um pesadelo. At\u00e9 o ano passado, t\u00ednhamos uma lei forte, que nos permitia fazer muitos filmes, semelhante ao sistema franc\u00eas. Foi isso que nos permitiu fazer este\u00a0<a href=\"https:\/\/www1.folha.uol.com.br\/folha-topicos\/cinema\/\">cinema<\/a> argentino bonito e renovado nas \u00faltimas d\u00e9cadas. Agora, tudo foi cortado. No ano passado, nenhum filme foi produzido pelo Instituto Nacional de Cinema, uma trag\u00e9dia.&#8221;<\/p>\n<p>O Festival de Berlim acontece at\u00e9 o dia 23 de fevereiro na capital alem\u00e3.<\/p>\n<p>Leia Tamb\u00e9m: <a href=\"https:\/\/www.noticiasaominuto.com.br\/fama\/2259690\/justica-nega-pedido-de-defesa-e-mantem-protetiva-de-ex-contra-davi-brito\" target=\"_blank\" rel=\"noopener\">Justi\u00e7a nega pedido de defesa e mant\u00e9m protetiva de ex contra Davi Brito<\/a><\/p>\n<p>Fonte: noticiasaominuto.com.br<\/p>\n","protected":false},"excerpt":{"rendered":"<p>S\u00c3O PAULO, SP (FOLHAPRESS) &#8211; A atriz Tilda Swinton discursou contra a perpetuidade de assassinatos<\/p>\n","protected":false},"author":0,"featured_media":45736,"comment_status":"open","ping_status":"open","sticky":false,"template":"","format":"standard","meta":{"footnotes":""},"categories":[6],"tags":[],"aioseo_notices":[],"_links":{"self":[{"href":"https:\/\/portalnewsgta.com.br\/index.php\/wp-json\/wp\/v2\/posts\/45735"}],"collection":[{"href":"https:\/\/portalnewsgta.com.br\/index.php\/wp-json\/wp\/v2\/posts"}],"about":[{"href":"https:\/\/portalnewsgta.com.br\/index.php\/wp-json\/wp\/v2\/types\/post"}],"replies":[{"embeddable":true,"href":"https:\/\/portalnewsgta.com.br\/index.php\/wp-json\/wp\/v2\/comments?post=45735"}],"version-history":[{"count":0,"href":"https:\/\/portalnewsgta.com.br\/index.php\/wp-json\/wp\/v2\/posts\/45735\/revisions"}],"wp:featuredmedia":[{"embeddable":true,"href":"https:\/\/portalnewsgta.com.br\/index.php\/wp-json\/wp\/v2\/media\/45736"}],"wp:attachment":[{"href":"https:\/\/portalnewsgta.com.br\/index.php\/wp-json\/wp\/v2\/media?parent=45735"}],"wp:term":[{"taxonomy":"category","embeddable":true,"href":"https:\/\/portalnewsgta.com.br\/index.php\/wp-json\/wp\/v2\/categories?post=45735"},{"taxonomy":"post_tag","embeddable":true,"href":"https:\/\/portalnewsgta.com.br\/index.php\/wp-json\/wp\/v2\/tags?post=45735"}],"curies":[{"name":"wp","href":"https:\/\/api.w.org\/{rel}","templated":true}]}}