{"id":45733,"date":"2025-02-14T11:43:13","date_gmt":"2025-02-14T14:43:13","guid":{"rendered":"https:\/\/portalnewsgta.com.br\/index.php\/2025\/02\/14\/barcelona-acerta-primeiro-reforco-para-proxima-temporada-saiba\/"},"modified":"2025-02-14T11:43:13","modified_gmt":"2025-02-14T14:43:13","slug":"barcelona-acerta-primeiro-reforco-para-proxima-temporada-saiba","status":"publish","type":"post","link":"https:\/\/portalnewsgta.com.br\/index.php\/2025\/02\/14\/barcelona-acerta-primeiro-reforco-para-proxima-temporada-saiba\/","title":{"rendered":"Barcelona acerta primeiro refor\u00e7o para pr\u00f3xima temporada; saiba"},"content":{"rendered":"<p>O Barcelona j\u00e1 definiu seu primeiro refor\u00e7o para a pr\u00f3xima temporada: o zagueiro Jonathan Tah, de 29 anos. Segundo o jornal catal\u00e3o <a href=\"https:\/\/www.mundodeportivo.com\/futbol\/fc-barcelona\/20250213\/1002406658\/tah-elige-barca.html\" target=\"_blank\" rel=\"noopener\">Mundo Deportivo<\/a>, o jogador do Bayer Leverkusen chegar\u00e1 ao clube sem custos de transfer\u00eancia, j\u00e1 que seu contrato com o time alem\u00e3o se encerra em 30 de junho deste ano.<\/p>\n<div class=\"dummyPub\">\u00a0<\/div>\n<p>Tah recebeu propostas de clubes da Alemanha e da Premier League, mas optou por assinar com o Barcelona, atra\u00eddo pela oportunidade de atuar no Camp Nou. Al\u00e9m disso, no time espanhol, ele voltar\u00e1 a trabalhar com o t\u00e9cnico Hansi Flick, seu compatriota.<\/p>\n<p>A chegada do zagueiro, no entanto, pode gerar um excesso de op\u00e7\u00f5es na defesa do Barcelona, que atualmente conta com nomes como Ronald Ara\u00fajo, Pau Cubars\u00ed, I\u00f1igo Mart\u00ednez, Eric Garc\u00eda (emprestado ao Girona) e Andreas Christensen. Com isso, o clube poder\u00e1 precisar negociar um ou mais jogadores para equilibrar o elenco.<\/p>\n<p>Leia Tamb\u00e9m: <a href=\"https:\/\/www.noticiasaominuto.com.br\/esporte\/2259518\/reforco-de-r-25-milhoes-do-palmeiras-nao-tem-prazo-por-volta-apos-ano-parado\" target=\"_blank\" rel=\"noopener\">Refor\u00e7o de R$ 25 milh\u00f5es do Palmeiras n\u00e3o tem prazo por volta ap\u00f3s ano parado<\/a><\/p>\n<p>\u00a0<\/p>\n<p>Fonte: noticiasaominuto.com.br<\/p>\n","protected":false},"excerpt":{"rendered":"<p>O Barcelona j\u00e1 definiu seu primeiro refor\u00e7o para a pr\u00f3xima temporada: o zagueiro Jonathan Tah,<\/p>\n","protected":false},"author":0,"featured_media":45734,"comment_status":"open","ping_status":"open","sticky":false,"template":"","format":"standard","meta":{"footnotes":""},"categories":[4],"tags":[],"aioseo_notices":[],"_links":{"self":[{"href":"https:\/\/portalnewsgta.com.br\/index.php\/wp-json\/wp\/v2\/posts\/45733"}],"collection":[{"href":"https:\/\/portalnewsgta.com.br\/index.php\/wp-json\/wp\/v2\/posts"}],"about":[{"href":"https:\/\/portalnewsgta.com.br\/index.php\/wp-json\/wp\/v2\/types\/post"}],"replies":[{"embeddable":true,"href":"https:\/\/portalnewsgta.com.br\/index.php\/wp-json\/wp\/v2\/comments?post=45733"}],"version-history":[{"count":0,"href":"https:\/\/portalnewsgta.com.br\/index.php\/wp-json\/wp\/v2\/posts\/45733\/revisions"}],"wp:featuredmedia":[{"embeddable":true,"href":"https:\/\/portalnewsgta.com.br\/index.php\/wp-json\/wp\/v2\/media\/45734"}],"wp:attachment":[{"href":"https:\/\/portalnewsgta.com.br\/index.php\/wp-json\/wp\/v2\/media?parent=45733"}],"wp:term":[{"taxonomy":"category","embeddable":true,"href":"https:\/\/portalnewsgta.com.br\/index.php\/wp-json\/wp\/v2\/categories?post=45733"},{"taxonomy":"post_tag","embeddable":true,"href":"https:\/\/portalnewsgta.com.br\/index.php\/wp-json\/wp\/v2\/tags?post=45733"}],"curies":[{"name":"wp","href":"https:\/\/api.w.org\/{rel}","templated":true}]}}