{"id":45727,"date":"2025-02-14T11:42:58","date_gmt":"2025-02-14T14:42:58","guid":{"rendered":"https:\/\/portalnewsgta.com.br\/index.php\/2025\/02\/14\/lana-del-rey-exibe-homenagem-ao-marido-com-novo-sobrenome-bordado\/"},"modified":"2025-02-14T11:42:58","modified_gmt":"2025-02-14T14:42:58","slug":"lana-del-rey-exibe-homenagem-ao-marido-com-novo-sobrenome-bordado","status":"publish","type":"post","link":"https:\/\/portalnewsgta.com.br\/index.php\/2025\/02\/14\/lana-del-rey-exibe-homenagem-ao-marido-com-novo-sobrenome-bordado\/","title":{"rendered":"Lana Del Rey exibe homenagem ao marido com novo sobrenome bordado"},"content":{"rendered":"<p>Lana Del Rey est\u00e1 incorporando seu novo sobrenome n\u00e3o apenas na documenta\u00e7\u00e3o oficial, mas tamb\u00e9m no estilo pessoal.<\/p>\n<div class=\"dummyPub\">\u00a0<\/div>\n<p>Em uma publica\u00e7\u00e3o recente no Instagram, a cantora compartilhou uma homenagem ao marido, Jeremy Dufrene. Em uma das imagens, \u00e9 poss\u00edvel notar o nome &#8220;Dufrene&#8221; bordado em sua cal\u00e7a jeans, um detalhe que n\u00e3o passou despercebido pelos f\u00e3s.<\/p>\n<p>Lana Del Rey e Jeremy Dufrene oficializaram a uni\u00e3o em setembro de 2024, em uma cerim\u00f4nia \u00edntima realizada pr\u00f3xima a um p\u00e2ntano em Des Allemands, Louisiana. O local tem um significado especial para o casal, pois Jere<\/p>\n<div><a href=\"https:\/\/www.instagram.com\/p\/DF8xPmGuwBs\/?utm_source=ig_embed&amp;utm_campaign=loading\" target=\"_blank\" rel=\"noopener\"><\/p>\n<div>\n<div>\n<div>\u00a0<\/div>\n<div>\u00a0<\/div>\n<\/div>\n<\/div>\n<div>\u00a0<\/div>\n<div>\u00a0<\/div>\n<div>\n<div>Ver esta publica\u00e7\u00e3o no Instagram<\/div>\n<\/div>\n<div>\u00a0<\/div>\n<div>\n<div>\n<div>\u00a0<\/div>\n<div>\u00a0<\/div>\n<div>\u00a0<\/div>\n<\/div>\n<div>\n<div>\u00a0<\/div>\n<div>\u00a0<\/div>\n<\/div>\n<div>\n<div>\u00a0<\/div>\n<div>\u00a0<\/div>\n<div>\u00a0<\/div>\n<\/div>\n<\/div>\n<div>\n<div>\u00a0<\/div>\n<div>\u00a0<\/div>\n<\/div>\n<p><\/a><\/p>\n<p><a href=\"https:\/\/www.instagram.com\/p\/DF8xPmGuwBs\/?utm_source=ig_embed&amp;utm_campaign=loading\" target=\"_blank\" rel=\"noopener\">Uma publica\u00e7\u00e3o partilhada por LANA DEL REY (@honeymoon)<\/a><\/p>\n<\/div>\n<p>Leia Tamb\u00e9m: <a href=\"https:\/\/www.noticiasaominuto.com.br\/fama\/2259690\/justica-nega-pedido-de-defesa-e-mantem-protetiva-de-ex-contra-davi-brito\" target=\"_blank\" rel=\"noopener\">Justi\u00e7a nega pedido de defesa e mant\u00e9m protetiva de ex contra Davi Brito<\/a><\/p>\n<p>Fonte: noticiasaominuto.com.br<\/p>\n","protected":false},"excerpt":{"rendered":"<p>Lana Del Rey est\u00e1 incorporando seu novo sobrenome n\u00e3o apenas na documenta\u00e7\u00e3o oficial, mas tamb\u00e9m<\/p>\n","protected":false},"author":0,"featured_media":45728,"comment_status":"open","ping_status":"open","sticky":false,"template":"","format":"standard","meta":{"footnotes":""},"categories":[6],"tags":[],"aioseo_notices":[],"_links":{"self":[{"href":"https:\/\/portalnewsgta.com.br\/index.php\/wp-json\/wp\/v2\/posts\/45727"}],"collection":[{"href":"https:\/\/portalnewsgta.com.br\/index.php\/wp-json\/wp\/v2\/posts"}],"about":[{"href":"https:\/\/portalnewsgta.com.br\/index.php\/wp-json\/wp\/v2\/types\/post"}],"replies":[{"embeddable":true,"href":"https:\/\/portalnewsgta.com.br\/index.php\/wp-json\/wp\/v2\/comments?post=45727"}],"version-history":[{"count":0,"href":"https:\/\/portalnewsgta.com.br\/index.php\/wp-json\/wp\/v2\/posts\/45727\/revisions"}],"wp:featuredmedia":[{"embeddable":true,"href":"https:\/\/portalnewsgta.com.br\/index.php\/wp-json\/wp\/v2\/media\/45728"}],"wp:attachment":[{"href":"https:\/\/portalnewsgta.com.br\/index.php\/wp-json\/wp\/v2\/media?parent=45727"}],"wp:term":[{"taxonomy":"category","embeddable":true,"href":"https:\/\/portalnewsgta.com.br\/index.php\/wp-json\/wp\/v2\/categories?post=45727"},{"taxonomy":"post_tag","embeddable":true,"href":"https:\/\/portalnewsgta.com.br\/index.php\/wp-json\/wp\/v2\/tags?post=45727"}],"curies":[{"name":"wp","href":"https:\/\/api.w.org\/{rel}","templated":true}]}}