{"id":45723,"date":"2025-02-14T09:42:47","date_gmt":"2025-02-14T12:42:47","guid":{"rendered":"https:\/\/portalnewsgta.com.br\/index.php\/2025\/02\/14\/deschamps-aponta-zidane-como-sucessor-ideal-na-selecao-francesa\/"},"modified":"2025-02-14T09:42:47","modified_gmt":"2025-02-14T12:42:47","slug":"deschamps-aponta-zidane-como-sucessor-ideal-na-selecao-francesa","status":"publish","type":"post","link":"https:\/\/portalnewsgta.com.br\/index.php\/2025\/02\/14\/deschamps-aponta-zidane-como-sucessor-ideal-na-selecao-francesa\/","title":{"rendered":"Deschamps aponta Zidane como sucessor ideal na sele\u00e7\u00e3o francesa"},"content":{"rendered":"<p>O t\u00e9cnico Didier Deschamps j\u00e1 tem um nome em mente para suced\u00ea-lo no comando da sele\u00e7\u00e3o francesa ap\u00f3s a Copa do Mundo de 2026. Segundo informa\u00e7\u00f5es da imprensa europeia, o treinador de 56 anos indicou Zinedine Zidane como o candidato ideal para assumir a equipe ap\u00f3s sua sa\u00edda.<\/p>\n<div class=\"dummyPub\">\u00a0<\/div>\n<p>O jornalista Daniel Riolo, da RMC Sport, comentou a declara\u00e7\u00e3o e afirmou que n\u00e3o ficou surpreso com a escolha. &#8220;Deschamps foi inteligente. Ele sabe perfeitamente que toda a Fran\u00e7a espera por Zidane. O que mais ele poderia dizer? Tudo o que ele tem feito at\u00e9 agora \u00e9 para encerrar seu ciclo de forma discreta e evitar cr\u00edticas&#8221;, analisou Riolo no programa After Foot.<\/p>\n<p>Didier Deschamps est\u00e1 \u00e0 frente da sele\u00e7\u00e3o francesa desde 2012 e conquistou t\u00edtulos importantes, como a Copa do Mundo de 2018 e a Liga das Na\u00e7\u00f5es da UEFA (2020\/21). No entanto, sofreu derrotas marcantes, como a final da Eurocopa de 2016, para Portugal, e a final da Copa do Mundo de 2022, contra a Argentina. Caso Zidane assuma o cargo, ser\u00e1 sua primeira experi\u00eancia como t\u00e9cnico de uma sele\u00e7\u00e3o nacional, ap\u00f3s uma trajet\u00f3ria de sucesso no Real Madrid.<\/p>\n<p>Leia Tamb\u00e9m: <a href=\"https:\/\/www.noticiasaominuto.com.br\/esporte\/2259518\/reforco-de-r-25-milhoes-do-palmeiras-nao-tem-prazo-por-volta-apos-ano-parado\" target=\"_blank\" rel=\"noopener\">Refor\u00e7o de R$ 25 milh\u00f5es do Palmeiras n\u00e3o tem prazo por volta ap\u00f3s ano parado<\/a><\/p>\n<p>Fonte: noticiasaominuto.com.br<\/p>\n","protected":false},"excerpt":{"rendered":"<p>O t\u00e9cnico Didier Deschamps j\u00e1 tem um nome em mente para suced\u00ea-lo no comando da<\/p>\n","protected":false},"author":0,"featured_media":45724,"comment_status":"open","ping_status":"open","sticky":false,"template":"","format":"standard","meta":{"footnotes":""},"categories":[4],"tags":[],"aioseo_notices":[],"_links":{"self":[{"href":"https:\/\/portalnewsgta.com.br\/index.php\/wp-json\/wp\/v2\/posts\/45723"}],"collection":[{"href":"https:\/\/portalnewsgta.com.br\/index.php\/wp-json\/wp\/v2\/posts"}],"about":[{"href":"https:\/\/portalnewsgta.com.br\/index.php\/wp-json\/wp\/v2\/types\/post"}],"replies":[{"embeddable":true,"href":"https:\/\/portalnewsgta.com.br\/index.php\/wp-json\/wp\/v2\/comments?post=45723"}],"version-history":[{"count":0,"href":"https:\/\/portalnewsgta.com.br\/index.php\/wp-json\/wp\/v2\/posts\/45723\/revisions"}],"wp:featuredmedia":[{"embeddable":true,"href":"https:\/\/portalnewsgta.com.br\/index.php\/wp-json\/wp\/v2\/media\/45724"}],"wp:attachment":[{"href":"https:\/\/portalnewsgta.com.br\/index.php\/wp-json\/wp\/v2\/media?parent=45723"}],"wp:term":[{"taxonomy":"category","embeddable":true,"href":"https:\/\/portalnewsgta.com.br\/index.php\/wp-json\/wp\/v2\/categories?post=45723"},{"taxonomy":"post_tag","embeddable":true,"href":"https:\/\/portalnewsgta.com.br\/index.php\/wp-json\/wp\/v2\/tags?post=45723"}],"curies":[{"name":"wp","href":"https:\/\/api.w.org\/{rel}","templated":true}]}}