{"id":45347,"date":"2025-02-10T12:55:36","date_gmt":"2025-02-10T15:55:36","guid":{"rendered":"https:\/\/portalnewsgta.com.br\/?p=45347"},"modified":"2025-02-10T12:55:36","modified_gmt":"2025-02-10T15:55:36","slug":"colider-gestao-do-prefeito-benassi-leva-ao-governo-do-estado-demanda-de-recuperacao-emergencial-da-mt-410","status":"publish","type":"post","link":"https:\/\/portalnewsgta.com.br\/index.php\/2025\/02\/10\/colider-gestao-do-prefeito-benassi-leva-ao-governo-do-estado-demanda-de-recuperacao-emergencial-da-mt-410\/","title":{"rendered":"Col\u00edder: Gest\u00e3o do prefeito Benassi leva ao governo do Estado demanda de recupera\u00e7\u00e3o emergencial da MT-410"},"content":{"rendered":"<p>Por: Angela Foga\u00e7a\/Nort\u00e3o Online<\/p>\n<figure class=\"mb-2\" data-v-71457620=\"\"><figcaption class=\"text-body-2 font-weight-bold grey--text text--darken-2\" data-v-71457620=\"\">Foto por: Reprodu\u00e7\u00e3o<\/figcaption><\/figure>\n<div class=\"ck-content font-weight-medium mb-4\" data-v-71457620=\"\">\n<p>O prefeito Rodrigo Benassi, est\u00e1 em Bras\u00edlia em articula\u00e7\u00f5es para viabilizar projetos relevantes para o munic\u00edpio de Col\u00edder.<\/p>\n<p>Ele destacou ao Nort\u00e3o Online que a agenda est\u00e1 repleta de compromissos para protocolar v\u00e1rios projetos e obter recursos para o munic\u00edpio.<\/p>\n<p>Na esfera estadual, ele pontuou que o munic\u00edpio, sendo representando pelo secret\u00e1rio adjunto de Desenvolvimento Econ\u00f4mico Celso Banazeski, estar\u00e1 hoje em reuni\u00e3o com o governo do Estado, na busca de recursos para manuten\u00e7\u00e3o emergencial da MT-410.<\/p>\n<p>A MT-410 \u00e9 uma rodovia considerada um importante corredor de escoamento da produ\u00e7\u00e3o agropecu\u00e1ria do Nort\u00e3o, ligando Col\u00edder a Nova Guarita, passando pela comunidade Z\u00e9 Reis.<\/p>\n<p>Com as chuvas intensas dos \u00faltimos 40 dias, a rodovia est\u00e1 bem deteriorada, dificultando a opera\u00e7\u00e3o arranca-safra. A expectativa \u00e9 que o governo do Estado se sensibilize e determine a recupera\u00e7\u00e3o emergencial.<\/p>\n<\/div>\n<div class=\"font-weight-bold grey--text text--darken-2 mb-4\" data-v-71457620=\"\">Fonte: Angela Foga\u00e7a\/Nort\u00e3o Online<\/div>\n","protected":false},"excerpt":{"rendered":"<p>Por: Angela Foga\u00e7a\/Nort\u00e3o Online Foto por: Reprodu\u00e7\u00e3o O prefeito Rodrigo Benassi, est\u00e1 em Bras\u00edlia em<\/p>\n","protected":false},"author":2,"featured_media":45348,"comment_status":"open","ping_status":"open","sticky":false,"template":"","format":"standard","meta":{"footnotes":""},"categories":[7,13],"tags":[],"aioseo_notices":[],"_links":{"self":[{"href":"https:\/\/portalnewsgta.com.br\/index.php\/wp-json\/wp\/v2\/posts\/45347"}],"collection":[{"href":"https:\/\/portalnewsgta.com.br\/index.php\/wp-json\/wp\/v2\/posts"}],"about":[{"href":"https:\/\/portalnewsgta.com.br\/index.php\/wp-json\/wp\/v2\/types\/post"}],"author":[{"embeddable":true,"href":"https:\/\/portalnewsgta.com.br\/index.php\/wp-json\/wp\/v2\/users\/2"}],"replies":[{"embeddable":true,"href":"https:\/\/portalnewsgta.com.br\/index.php\/wp-json\/wp\/v2\/comments?post=45347"}],"version-history":[{"count":1,"href":"https:\/\/portalnewsgta.com.br\/index.php\/wp-json\/wp\/v2\/posts\/45347\/revisions"}],"predecessor-version":[{"id":45349,"href":"https:\/\/portalnewsgta.com.br\/index.php\/wp-json\/wp\/v2\/posts\/45347\/revisions\/45349"}],"wp:featuredmedia":[{"embeddable":true,"href":"https:\/\/portalnewsgta.com.br\/index.php\/wp-json\/wp\/v2\/media\/45348"}],"wp:attachment":[{"href":"https:\/\/portalnewsgta.com.br\/index.php\/wp-json\/wp\/v2\/media?parent=45347"}],"wp:term":[{"taxonomy":"category","embeddable":true,"href":"https:\/\/portalnewsgta.com.br\/index.php\/wp-json\/wp\/v2\/categories?post=45347"},{"taxonomy":"post_tag","embeddable":true,"href":"https:\/\/portalnewsgta.com.br\/index.php\/wp-json\/wp\/v2\/tags?post=45347"}],"curies":[{"name":"wp","href":"https:\/\/api.w.org\/{rel}","templated":true}]}}