{"id":45343,"date":"2025-02-10T12:43:31","date_gmt":"2025-02-10T15:43:31","guid":{"rendered":"https:\/\/portalnewsgta.com.br\/index.php\/2025\/02\/10\/luiz-bacci-lamenta-nao-ter-se-despedido-do-cidade-alerta-em-saida-da-record-fiquei-chateado\/"},"modified":"2025-02-10T12:43:31","modified_gmt":"2025-02-10T15:43:31","slug":"luiz-bacci-lamenta-nao-ter-se-despedido-do-cidade-alerta-em-saida-da-record-fiquei-chateado","status":"publish","type":"post","link":"https:\/\/portalnewsgta.com.br\/index.php\/2025\/02\/10\/luiz-bacci-lamenta-nao-ter-se-despedido-do-cidade-alerta-em-saida-da-record-fiquei-chateado\/","title":{"rendered":"Luiz Bacci lamenta n\u00e3o ter se despedido do Cidade Alerta em sa\u00edda da Record: &#8216;Fiquei chateado&#8217;"},"content":{"rendered":"<p>ARACAJU, SE (FOLHAPRESS) &#8211; O apresentador Luiz Bacci falou pela primeira vez sobre sua sa\u00edda da Record e do policialesco Cidade Alerta, em janeiro. Em entrevista para Celso Portiolli, no Domingo Legal, do SBT, neste domingo (9), ele diz que lamentou n\u00e3o ter se despedido de seu p\u00fablico no ar.<\/p>\n<div class=\"dummyPub\">\u00a0<\/div>\n<p>Segundo Bacci, foi uma op\u00e7\u00e3o da Record dele n\u00e3o ter conseguido falar sua \u00faltima palavra ao p\u00fablico. O apresentador diz que, pelo tempo de casa, ele merecia a considera\u00e7\u00e3o.<\/p>\n<p>&#8220;Eles acabaram encerrando o contrato sem despedida, que \u00e9 o que me chateou. 17 anos \u00e9 uma vida. Mas, ao mesmo tempo, eu entendo a Record. Voc\u00ea tem um apresentador que era a sua maior audi\u00eancia e de repente ele quer menos tempo no ar. Eu entendi&#8221;, disse.<\/p>\n<p>&#8220;Eu respeito a decis\u00e3o deles, mas seria mais elegante para eles e para o p\u00fablico em uma despedida. Mas eu sou muito grato ao Edir Macedo e a fam\u00edlia do Edir Macedo pelas oportunidades que me deu. Mas esse epis\u00f3dio nunca vai fazer com que meu amor e paix\u00e3o pela Record morram depois de 17 anos de pura felicidade&#8221;, concluiu.<\/p>\n<p>Luiz Bacci ficou, na verdade, 14 anos de Record, divididos em duas passagens. Ele chegou \u00e0 emissora em novembro de 2010, depois de fazer sucesso no SBT do Rio de Janeiro.<\/p>\n<p>Em 2013, Bacci passou a ser um dos principais rep\u00f3rteres do Cidade Alerta e ganhou a alcunha de Menino de Ouro de seu mentor, o \u00e2ncora Marcelo Rezende (1951-2017).<\/p>\n<p>Em 2014, assumiu o Balan\u00e7o Geral SP, mas deixou o programa um m\u00eas depois ap\u00f3s uma proposta da Band. Na TV do Morumbi, durou apenas dez meses e logo voltou para a Record, em 2015, na qual comandou os matinais Balan\u00e7o Geral Manh\u00e3 e SP no Ar durante dois anos.<\/p>\n<p>Ap\u00f3s a morte de Marcelo Rezende, assumiu o Cidade Alerta, e virou a maior audi\u00eancia di\u00e1ria da emissora, com m\u00e9dias entre 7 e 9 pontos na Grande S\u00e3o Paulo. Reinaldo Gottino assumiu o lugar de Bacci.<\/p>\n<p>Leia Tamb\u00e9m: <a href=\"https:\/\/www.noticiasaominuto.com.br\/fama\/2258573\/taylor-swift-e-vaiada-no-super-bowl-e-recebe-deboche-de-donald-trump\" target=\"_blank\" rel=\"noopener\">Taylor Swift \u00e9 vaiada no Super Bowl e recebe deboche de Donald Trump<\/a><\/p>\n<p>Fonte: noticiasaominuto.com.br<\/p>\n","protected":false},"excerpt":{"rendered":"<p>ARACAJU, SE (FOLHAPRESS) &#8211; O apresentador Luiz Bacci falou pela primeira vez sobre sua sa\u00edda<\/p>\n","protected":false},"author":0,"featured_media":45344,"comment_status":"open","ping_status":"open","sticky":false,"template":"","format":"standard","meta":{"footnotes":""},"categories":[6],"tags":[],"aioseo_notices":[],"_links":{"self":[{"href":"https:\/\/portalnewsgta.com.br\/index.php\/wp-json\/wp\/v2\/posts\/45343"}],"collection":[{"href":"https:\/\/portalnewsgta.com.br\/index.php\/wp-json\/wp\/v2\/posts"}],"about":[{"href":"https:\/\/portalnewsgta.com.br\/index.php\/wp-json\/wp\/v2\/types\/post"}],"replies":[{"embeddable":true,"href":"https:\/\/portalnewsgta.com.br\/index.php\/wp-json\/wp\/v2\/comments?post=45343"}],"version-history":[{"count":0,"href":"https:\/\/portalnewsgta.com.br\/index.php\/wp-json\/wp\/v2\/posts\/45343\/revisions"}],"wp:featuredmedia":[{"embeddable":true,"href":"https:\/\/portalnewsgta.com.br\/index.php\/wp-json\/wp\/v2\/media\/45344"}],"wp:attachment":[{"href":"https:\/\/portalnewsgta.com.br\/index.php\/wp-json\/wp\/v2\/media?parent=45343"}],"wp:term":[{"taxonomy":"category","embeddable":true,"href":"https:\/\/portalnewsgta.com.br\/index.php\/wp-json\/wp\/v2\/categories?post=45343"},{"taxonomy":"post_tag","embeddable":true,"href":"https:\/\/portalnewsgta.com.br\/index.php\/wp-json\/wp\/v2\/tags?post=45343"}],"curies":[{"name":"wp","href":"https:\/\/api.w.org\/{rel}","templated":true}]}}