{"id":44851,"date":"2025-02-06T06:42:43","date_gmt":"2025-02-06T09:42:43","guid":{"rendered":"https:\/\/portalnewsgta.com.br\/index.php\/2025\/02\/06\/isabelle-nogueira-anuncia-fim-do-noivado-com-matteus\/"},"modified":"2025-02-06T06:42:43","modified_gmt":"2025-02-06T09:42:43","slug":"isabelle-nogueira-anuncia-fim-do-noivado-com-matteus","status":"publish","type":"post","link":"https:\/\/portalnewsgta.com.br\/index.php\/2025\/02\/06\/isabelle-nogueira-anuncia-fim-do-noivado-com-matteus\/","title":{"rendered":"Isabelle Nogueira anuncia fim do noivado com Matteus"},"content":{"rendered":"<p>S\u00c3O PAULO, SP (UOL\/FOLHAPRESS) &#8211; Isabelle Nogueira anunciou, nesta quarta-feira (5), o fim do noivado com Matteus Amaral -o ga\u00facho postou o mesmo comunicado da agora ex-noiva.<\/p>\n<div class=\"dummyPub\">\u00a0<\/div>\n<p>Nogueira alegou &#8220;incompatibilidade&#8221; entre ela e Amaral. &#8220;Nosso sentimento nasceu de forma genu\u00edna e verdadeira, e assim permaneceu at\u00e9 hoje. Nos apaixonamos um pelo outro, especialmente pela simplicidade e pela hist\u00f3ria de vida que compartilhamos, t\u00e3o parecida em muitos aspectos. Sempre buscamos o melhor que poder\u00edamos ser juntos. Com o tempo, percebemos que, apesar de tantas semelhan\u00e7as, somos incompat\u00edveis. E \u00e9 essa consci\u00eancia que nos leva, a partir de agora, a seguir caminhos separados como casal&#8221;.<\/p>\n<p>A ex-bbb afirmou que a decis\u00e3o de encerrar o noivado foi tomada por ambas as partes. &#8220;Queremos esclarecer -principalmente em respeito \u00e0s pessoas que nos amam- que essa n\u00e3o foi uma decis\u00e3o unilateral. Foi uma escolha refletida e compartilhada, justamente para preservar um sentimento que continua sendo \u00fanico e genu\u00edno: o nosso amor&#8221;.<\/p>\n<p>Isabelle negou que ela e Amaral tenham ficado juntos por &#8220;press\u00e3o dos f\u00e3s&#8221;. &#8220;Tamb\u00e9m deixamos claro que n\u00e3o nos separamos h\u00e1 poucos dias, como foi especulado, e que jamais permanecemos juntos por press\u00e3o de f\u00e3s. Sempre vivemos nossa rela\u00e7\u00e3o de forma real, com altos e baixos, e seguimos tentando n\u00e3o por terceiros, mas por n\u00f3s mesmos&#8221;.<\/p>\n<p>O ex-casal ainda agradeceu ao carinho e dedica\u00e7\u00e3o dos f\u00e3s. &#8220;Somos imensamente gratos por cada demonstra\u00e7\u00e3o de amor que nos enviaram ao longo desse tempo. A verdade \u00e9 simples: somos apenas incompat\u00edveis. E, por isso, escolhemos encerrar aqui, guardando nosso sentimento e as boas mem\u00f3rias que constru\u00edmos juntos. Pedimos que n\u00e3o se deixem levar por especula\u00e7\u00f5es infundadas. Que Deus aben\u00e7oe nossas vidas e a de cada um de voc\u00eas&#8221;.<\/p>\n<p>Matteus e Isabelle se conheceram no BBB 24, se apaixonaram e engataram relacionamento fora do reality. Os dois chegaram a anunciar noivado em novembro passado. Recentemente, surgiram rumores de que os dois haviam tomado a decis\u00e3o de acabar a rela\u00e7\u00e3o, mas a assessoria de Isabelle sempre negou, e disse que tudo que falavam sobre o t\u00e9rmino era mentira.<\/p>\n<p>Leia Tamb\u00e9m: <a href=\"https:\/\/www.noticiasaominuto.com.br\/fama\/2257517\/gisele-bundchen-da-a-luz-primeiro-filho-com-joaquim-valente-diz-site\" target=\"_blank\" rel=\"noopener\">Gisele B\u00fcndchen d\u00e1 \u00e0 luz primeiro filho com Joaquim Valente, diz site<\/a><\/p>\n<p>Fonte: noticiasaominuto.com.br<\/p>\n","protected":false},"excerpt":{"rendered":"<p>S\u00c3O PAULO, SP (UOL\/FOLHAPRESS) &#8211; Isabelle Nogueira anunciou, nesta quarta-feira (5), o fim do noivado<\/p>\n","protected":false},"author":0,"featured_media":44852,"comment_status":"open","ping_status":"open","sticky":false,"template":"","format":"standard","meta":{"footnotes":""},"categories":[6],"tags":[],"aioseo_notices":[],"_links":{"self":[{"href":"https:\/\/portalnewsgta.com.br\/index.php\/wp-json\/wp\/v2\/posts\/44851"}],"collection":[{"href":"https:\/\/portalnewsgta.com.br\/index.php\/wp-json\/wp\/v2\/posts"}],"about":[{"href":"https:\/\/portalnewsgta.com.br\/index.php\/wp-json\/wp\/v2\/types\/post"}],"replies":[{"embeddable":true,"href":"https:\/\/portalnewsgta.com.br\/index.php\/wp-json\/wp\/v2\/comments?post=44851"}],"version-history":[{"count":0,"href":"https:\/\/portalnewsgta.com.br\/index.php\/wp-json\/wp\/v2\/posts\/44851\/revisions"}],"wp:featuredmedia":[{"embeddable":true,"href":"https:\/\/portalnewsgta.com.br\/index.php\/wp-json\/wp\/v2\/media\/44852"}],"wp:attachment":[{"href":"https:\/\/portalnewsgta.com.br\/index.php\/wp-json\/wp\/v2\/media?parent=44851"}],"wp:term":[{"taxonomy":"category","embeddable":true,"href":"https:\/\/portalnewsgta.com.br\/index.php\/wp-json\/wp\/v2\/categories?post=44851"},{"taxonomy":"post_tag","embeddable":true,"href":"https:\/\/portalnewsgta.com.br\/index.php\/wp-json\/wp\/v2\/tags?post=44851"}],"curies":[{"name":"wp","href":"https:\/\/api.w.org\/{rel}","templated":true}]}}