{"id":44847,"date":"2025-02-05T21:42:43","date_gmt":"2025-02-06T00:42:43","guid":{"rendered":"https:\/\/portalnewsgta.com.br\/index.php\/2025\/02\/05\/nossa-relacao-foi-destruida-diz-diretor-de-emilia-perez-sobre-karla-sofia-gascon\/"},"modified":"2025-02-05T21:42:43","modified_gmt":"2025-02-06T00:42:43","slug":"nossa-relacao-foi-destruida-diz-diretor-de-emilia-perez-sobre-karla-sofia-gascon","status":"publish","type":"post","link":"https:\/\/portalnewsgta.com.br\/index.php\/2025\/02\/05\/nossa-relacao-foi-destruida-diz-diretor-de-emilia-perez-sobre-karla-sofia-gascon\/","title":{"rendered":"Nossa rela\u00e7\u00e3o foi destru\u00edda, diz diretor de &#8216;Emilia P\u00e9rez&#8217; sobre Karla Sof\u00eda Gasc\u00f3n"},"content":{"rendered":"<p>S\u00c3O PAULO, SP (FOLHAPRESS) &#8211; O cineasta franc\u00eas Jacques Audiard, diretor de &#8220;Emilia P\u00e9rez&#8221;, se pronunciou a respeito da fala sobre a disputa no Oscar e as publica\u00e7\u00f5es antigas feitas pela atriz Karla Sof\u00eda Gasc\u00f3n, que d\u00e1 vida ao papel-t\u00edtulo que foi indicado a 13 categorias do pr\u00eamio da Academia.<\/p>\n<div class=\"dummyPub\">\u00a0<\/div>\n<p>Em entrevista ao Deadline, Audiard afirmou estar profundamente desapontado com o comportamento da artista, pela dor provocada a outros por suas coloca\u00e7\u00f5es e suas repetidas apari\u00e7\u00f5es p\u00fablicas na tentativa de se desculpar, que teriam sido organizados sem qualquer envolvimento da equipe de campanha respons\u00e1vel pelo filme.<\/p>\n<p>G\u00e1scon recebeu uma onda de cr\u00edticas por ter acusado &#8220;pessoas que trabalham no ambiente de Fernanda Torres&#8221; de organizar uma campanha difamat\u00f3ria contra o seu trabalho e o filme, e pelo teor preconceituoso e racista de diversas postagens feitas em seu perfil no X, principalmente entre os anos de 2021 e 2022.<\/p>\n<p>&#8220;\u00c9 muito dif\u00edcil pensar no trabalho que fiz com Karla Sof\u00eda. A atmosfera excepcional que t\u00ednhamos no set, que de fato era baseada na confian\u00e7a. E quando voc\u00ea tem esse tipo de relacionamento e de repente l\u00ea algo que essa pessoa disse, coisas que s\u00e3o absolutamente odiosas e dignas de serem odiadas, \u00e9 claro que esse relacionamento \u00e9 afetado. Porque o que Karla Sof\u00eda disse \u00e9 imperdo\u00e1vel&#8221;, diz o cineasta, que concorre ao Oscar de melhor diretor.<\/p>\n<p>Audiard tamb\u00e9m afirma que n\u00e3o conversou com G\u00e1scon desde o in\u00edcio da s\u00e9rie de controv\u00e9rsias e que n\u00e3o tem pretens\u00e3o de faz\u00ea-lo no momento. Segundo ele, a artista est\u00e1 se comportando como uma v\u00edtima.<\/p>\n<p>&#8220;Ela est\u00e1 em um caminho autodestrutivo no qual n\u00e3o posso interferir, e realmente n\u00e3o entendo por que ela continua. Estou pensando em como ela est\u00e1 ferindo os outros, em como ela est\u00e1 machucando a equipe e todas essas pessoas que trabalharam incrivelmente duro neste filme. Estou pensando em mim, estou pensando na Zoe [Salda\u00f1a] e na Selena [Gomez].&#8221;<\/p>\n<p>Ele tamb\u00e9m afirmou que deve seguir participando dos eventos de campanha do filme, apesar de acreditar que as circunst\u00e2ncias se tornaram tristes, e que n\u00e3o ir\u00e1 abrir m\u00e3o do restante da equipe respons\u00e1vel por &#8220;Emilia P\u00e9rez&#8221;.<\/p>\n<p>Audiard se retratou a respeito de uma declara\u00e7\u00e3o em que afirmou que o espanhol seria a l\u00edngua &#8220;dos pa\u00edses modestos, emergentes, pobres e de migrantes&#8221;.<\/p>\n<p>&#8220;Sou atra\u00eddo por coisas que n\u00e3o pertencem ao dom\u00ednio da minha l\u00edngua nativa, e por acaso amo enormemente a l\u00edngua espanhola. Agora, se voc\u00ea vai fazer um filme internacional, n\u00e3o h\u00e1 muitas l\u00ednguas para escolher. H\u00e1 o ingl\u00eas e h\u00e1 o espanhol, e o espanhol \u00e9 uma l\u00edngua t\u00e3o rica que atravessa fronteiras. O que foi dito sobre a minha declara\u00e7\u00e3o \u00e9 exatamente o oposto do que penso. Trabalhei cinco anos neste filme e agora v\u00ea-lo ser denegrido desta forma \u00e9 realmente demais&#8221;, afirmou o diretor.<\/p>\n<p>Ambientado no M\u00e9xico mas filmado principalmente na Fran\u00e7a, o filme tem sido condenado nas redes sociais pela banaliza\u00e7\u00e3o de quest\u00f5es como a transi\u00e7\u00e3o de g\u00eanero, o narcotr\u00e1fico e a imigra\u00e7\u00e3o.<\/p>\n<p>Pessoas mexicanas t\u00eam expressado indigna\u00e7\u00e3o com o que chamam de &#8220;representa\u00e7\u00e3o estereotipada&#8221; de seu pa\u00eds e a &#8220;falta de autenticidade cultural&#8221; em &#8220;Emilia P\u00e9rez&#8221;.<\/p>\n<p>&#8220;Emilia P\u00e9rez&#8221; concorre ao Oscar em 13 categorias, que incluem melhor filme e melhor filme internacional e Gasc\u00f3n disputa o pr\u00eamio de melhor atriz com Fernanda Torres, Cynthia Erivo, Demi Moore e Mikey Madison. A premia\u00e7\u00e3o acontece na noite do pr\u00f3ximo dia 2 de mar\u00e7o.<\/p>\n<p>Leia Tamb\u00e9m: <a href=\"https:\/\/www.noticiasaominuto.com.br\/fama\/2257287\/karla-sofia-gascon-reage-a-sua-exclusao-da-campanha-de-emilia-perez-ao-oscar\" target=\"_blank\" rel=\"noopener\">Karla Sof\u00eda Gasc\u00f3n reage a sua exclus\u00e3o da campanha de &#8216;Emilia P\u00e9rez&#8217; ao Oscar<\/a><\/p>\n<p>Fonte: noticiasaominuto.com.br<\/p>\n","protected":false},"excerpt":{"rendered":"<p>S\u00c3O PAULO, SP (FOLHAPRESS) &#8211; O cineasta franc\u00eas Jacques Audiard, diretor de &#8220;Emilia P\u00e9rez&#8221;, se<\/p>\n","protected":false},"author":0,"featured_media":44848,"comment_status":"open","ping_status":"open","sticky":false,"template":"","format":"standard","meta":{"footnotes":""},"categories":[6],"tags":[],"aioseo_notices":[],"_links":{"self":[{"href":"https:\/\/portalnewsgta.com.br\/index.php\/wp-json\/wp\/v2\/posts\/44847"}],"collection":[{"href":"https:\/\/portalnewsgta.com.br\/index.php\/wp-json\/wp\/v2\/posts"}],"about":[{"href":"https:\/\/portalnewsgta.com.br\/index.php\/wp-json\/wp\/v2\/types\/post"}],"replies":[{"embeddable":true,"href":"https:\/\/portalnewsgta.com.br\/index.php\/wp-json\/wp\/v2\/comments?post=44847"}],"version-history":[{"count":0,"href":"https:\/\/portalnewsgta.com.br\/index.php\/wp-json\/wp\/v2\/posts\/44847\/revisions"}],"wp:featuredmedia":[{"embeddable":true,"href":"https:\/\/portalnewsgta.com.br\/index.php\/wp-json\/wp\/v2\/media\/44848"}],"wp:attachment":[{"href":"https:\/\/portalnewsgta.com.br\/index.php\/wp-json\/wp\/v2\/media?parent=44847"}],"wp:term":[{"taxonomy":"category","embeddable":true,"href":"https:\/\/portalnewsgta.com.br\/index.php\/wp-json\/wp\/v2\/categories?post=44847"},{"taxonomy":"post_tag","embeddable":true,"href":"https:\/\/portalnewsgta.com.br\/index.php\/wp-json\/wp\/v2\/tags?post=44847"}],"curies":[{"name":"wp","href":"https:\/\/api.w.org\/{rel}","templated":true}]}}