{"id":44843,"date":"2025-02-05T20:42:52","date_gmt":"2025-02-05T23:42:52","guid":{"rendered":"https:\/\/portalnewsgta.com.br\/index.php\/2025\/02\/05\/rodrigo-faro-e-luciana-gimenez-vao-se-enfrentar-na-batalha-do-lip-sync-na-globo\/"},"modified":"2025-02-05T20:42:52","modified_gmt":"2025-02-05T23:42:52","slug":"rodrigo-faro-e-luciana-gimenez-vao-se-enfrentar-na-batalha-do-lip-sync-na-globo","status":"publish","type":"post","link":"https:\/\/portalnewsgta.com.br\/index.php\/2025\/02\/05\/rodrigo-faro-e-luciana-gimenez-vao-se-enfrentar-na-batalha-do-lip-sync-na-globo\/","title":{"rendered":"Rodrigo Faro e Luciana Gimenez v\u00e3o se enfrentar na Batalha do Lip Sync, na Globo"},"content":{"rendered":"<p>S\u00c3O PAULO, SP (FOLHAPRESS) &#8211; No pr\u00f3ximo domingo (9), o Doming\u00e3o com Huck vai promover a estreia da nova temporada da Batalha do Lip Sync. E logo na estreia, a emissora colocar\u00e1 no palco para duelar os apresentadores Luciana Gimenez e Rodrigo Faro.<\/p>\n<div class=\"dummyPub\">\u00a0<\/div>\n<p>&#8220;A estreia da nova temporada da #BatalhadoLipSync vai ser hist\u00f3rica com Luciana Gimenez e Rodrigo Faro. \u00c9 no pr\u00f3ximo #Doming\u00e3o! N\u00e3o perca&#8221;, diz uma postagem no Instagram, compartilhada pelos envolvidos.<\/p>\n<p>Na postagem, Faro brincou. &#8220;Me sinto pronto&#8221;, escreveu. Essa n\u00e3o \u00e9 a primeira vez que o Doming\u00e3o coloca no palco da Globo nomes de outras emissoras.<\/p>\n<p>Patr\u00edcia Abravanel j\u00e1 participou da atra\u00e7\u00e3o que homenageou Silvio Santos assim como Jo\u00e3o Silva, filho de Faust\u00e3o, que trabalha na Band, e Jo\u00e3o Augusto, filho de Gugu, que fez hist\u00f3ria no SBT e na Record.<\/p>\n<p>Sonia Abr\u00e3o e Ticiane Pinheiro, contratadas de RedeTV! e Record, respectivamente, tamb\u00e9m j\u00e1 participaram da atra\u00e7\u00e3o. Enquanto a primeira foi ao Melhores do Ano, no fim de 2024, Ticiane julgou ao lado de C\u00e9sar Tralli uma etapa do Dan\u00e7a dos Famosos tamb\u00e9m no ano passado.<\/p>\n<p>Leia Tamb\u00e9m: <a href=\"https:\/\/www.noticiasaominuto.com.br\/fama\/2257447\/beicola-vai-morar-no-retiro-dos-artistas-apos-doacao-de-marieta-severo\" target=\"_blank\" rel=\"noopener\">&#8216;Bei\u00e7ola&#8217; vai morar no Retiro dos Artistas ap\u00f3s doa\u00e7\u00e3o de Marieta Severo<\/a><\/p>\n<p>Fonte: noticiasaominuto.com.br<\/p>\n","protected":false},"excerpt":{"rendered":"<p>S\u00c3O PAULO, SP (FOLHAPRESS) &#8211; No pr\u00f3ximo domingo (9), o Doming\u00e3o com Huck vai promover<\/p>\n","protected":false},"author":0,"featured_media":44844,"comment_status":"open","ping_status":"open","sticky":false,"template":"","format":"standard","meta":{"footnotes":""},"categories":[6],"tags":[],"aioseo_notices":[],"_links":{"self":[{"href":"https:\/\/portalnewsgta.com.br\/index.php\/wp-json\/wp\/v2\/posts\/44843"}],"collection":[{"href":"https:\/\/portalnewsgta.com.br\/index.php\/wp-json\/wp\/v2\/posts"}],"about":[{"href":"https:\/\/portalnewsgta.com.br\/index.php\/wp-json\/wp\/v2\/types\/post"}],"replies":[{"embeddable":true,"href":"https:\/\/portalnewsgta.com.br\/index.php\/wp-json\/wp\/v2\/comments?post=44843"}],"version-history":[{"count":0,"href":"https:\/\/portalnewsgta.com.br\/index.php\/wp-json\/wp\/v2\/posts\/44843\/revisions"}],"wp:featuredmedia":[{"embeddable":true,"href":"https:\/\/portalnewsgta.com.br\/index.php\/wp-json\/wp\/v2\/media\/44844"}],"wp:attachment":[{"href":"https:\/\/portalnewsgta.com.br\/index.php\/wp-json\/wp\/v2\/media?parent=44843"}],"wp:term":[{"taxonomy":"category","embeddable":true,"href":"https:\/\/portalnewsgta.com.br\/index.php\/wp-json\/wp\/v2\/categories?post=44843"},{"taxonomy":"post_tag","embeddable":true,"href":"https:\/\/portalnewsgta.com.br\/index.php\/wp-json\/wp\/v2\/tags?post=44843"}],"curies":[{"name":"wp","href":"https:\/\/api.w.org\/{rel}","templated":true}]}}