{"id":44828,"date":"2025-02-05T17:41:31","date_gmt":"2025-02-05T20:41:31","guid":{"rendered":"https:\/\/portalnewsgta.com.br\/?p=44828"},"modified":"2025-02-05T17:47:47","modified_gmt":"2025-02-05T20:47:47","slug":"rose-sala-deixa-a-coordenacao-da-apae-de-guaranta-do-norte-a-pedido-da-secretaria-municipal-de-educacao-veja-o-video-com-a-entrevista","status":"publish","type":"post","link":"https:\/\/portalnewsgta.com.br\/index.php\/2025\/02\/05\/rose-sala-deixa-a-coordenacao-da-apae-de-guaranta-do-norte-a-pedido-da-secretaria-municipal-de-educacao-veja-o-video-com-a-entrevista\/","title":{"rendered":"Rose Sala deixa a coordena\u00e7\u00e3o da APAE de Guarant\u00e3 do Norte a pedido da Secretaria Municipal de educa\u00e7\u00e3o.\/ veja o v\u00eddeo com a entrevista"},"content":{"rendered":"<p>Ap\u00f3s 12 anos na dire\u00e7\u00e3o da escola especial Fonte de Esperan\u00e7a, APAE de Guarant\u00e3 do Norte, Rose Sala, que \u00e9 moradora a 44 anos no munic\u00edpio de Guarant\u00e3 do Norte, deixou no final do m\u00eas de janeiro, faltando menos de 10 dias para o in\u00edcio do ano letivo, o cargo de coordenadora da institui\u00e7\u00e3o para reassumir seu cargo como professora na rede municipal de ensino no munic\u00edpio.<\/p>\n<p>A sa\u00edda de Rose da dire\u00e7\u00e3o pegou a sociedade Guarantaense de surpresa, em especial os professores, dire\u00e7\u00e3o da APAE, pais de alunos e colaboradores da institui\u00e7\u00e3o.<\/p>\n<p>Durante entrevista \u00e0 r\u00e1dio Jovem Pan esta semana, a ex-diretora revelou que sua sa\u00edda da dire\u00e7\u00e3o da APAE, se deu atrav\u00e9s da interven\u00e7\u00e3o do Executivo por meio da secretaria municipal de educa\u00e7\u00e3o, que requisitou seu retorno para exercer a fun\u00e7\u00e3o de educadora, hoje far\u00e1 parte da Escola Darci Ribeiro, trabalhando com uma sala anexa na escola Estadual Irany Jaime Farina uma vez que ela \u00e9 efetiva do munic\u00edpio.<\/p>\n<p>Mediante aos acontecimentos, os clubes prestadores e sociedade est\u00e3o se mobilizando para apresentar um baixo assinado ao prefeito Alberto M\u00e1rcio Gon\u00e7alves e Secret\u00e1ria de Educa\u00e7\u00e3o Zelinda Fatima Fassina pedindo o retorno e perman\u00eancia de Rose Sala como coordenadora da institui\u00e7\u00e3o pelo trabalho relevante que por ela juntamente com a sociedade foi desenvolvido.<\/p>\n<p>Procurada a Secretaria de Educa\u00e7\u00e3o n\u00e3o retornou nossas liga\u00e7\u00f5es, para justificar a motiva\u00e7\u00e3o para a retirada de Rose Sala da institui\u00e7\u00e3o filantr\u00f3pica. Algumas pessoas da sociedade Guarantaense, preocupados com esta a\u00e7\u00e3o da Secretaria de Educa\u00e7\u00e3o, entraram em contato com a reda\u00e7\u00e3o do Site, citando como retalia\u00e7\u00e3o Pol\u00edtica, o verdadeiro motivo da retirada, temendo pelo retrocesso das conquistas da institui\u00e7\u00e3o, o que prejudicaria os Pais e alunos, assistidos pela APAE.<\/p>\n<p><strong>PARCERIAS.<\/strong><\/p>\n<p>Durante os 12 anos frente a coordena\u00e7\u00e3o da APAE, Rose Sala juntamente com a DIRETORIA, PROFESSORES E fam\u00edlias APAEANAS conseguiram transformar a institui\u00e7\u00e3o, oferecendo mais conforto e espa\u00e7os adequados para atender os alunos especiais, tudo isso s\u00f3 foi poss\u00edvel com o apoio das fam\u00edlias Guarantaenses, com\u00e9rcios, sociedade, poderes constitu\u00eddos como Executivo, Legislativo, Poder Judici\u00e1rio, Minist\u00e9rio P\u00fablico, For\u00e7a A\u00e9rea Brasileira, deputados Federais e Estaduais, Faculdades do Mun\u00edcipio, entidades e clubes prestadores de servi\u00e7os \u00e0 comunidade em geral de Guarant\u00e3 do Norte abra\u00e7ou esta causa por confiar em seu trabalho.<\/p>\n<p>Quando assumiu a coordena\u00e7\u00e3o em 27 de dezembro de 2011, Rose juntamente com a diretoria deu in\u00edcio ao novo plano de trabalho, a escola estava passando por momentos dif\u00edceis, mas com muito trabalho e dedica\u00e7\u00e3o veio o apoio e a transforma\u00e7\u00e3o.<\/p>\n<p><strong>CONQUISTAS.<\/strong><\/p>\n<p>Ao longo dos anos, os pais e a comunidade sempre contribu\u00edram para a realiza\u00e7\u00e3o das melhorias.<\/p>\n<p>Logo no in\u00edcio, foram feitos mutir\u00f5es com a participa\u00e7\u00e3o dos pais para limpeza do terreno, reforma do pr\u00e9dio.\u00a0 Vendo assim a real situa\u00e7\u00e3o come\u00e7ou a busca por PARCERIAS E SENDO CONCRETIZADOS GRANDES AVAN\u00c7OS NA INFRAESTRUTURA DA INSTITU\u00c7\u00c3O. ALGUMAS DELAS PODEMOS ELEANCAR AQUI COMO:<\/p>\n<p>&nbsp;<\/p>\n<p>&nbsp;<\/p>\n<p>Reforma e pintura da escola<\/p>\n<p>Constru\u00e7\u00e3o do barrac\u00e3o e piso.<\/p>\n<p>Constru\u00e7\u00e3o dos bainheiros.<\/p>\n<p>Constru\u00e7\u00e3o do muro.<\/p>\n<p>Constru\u00e7\u00e3o da cozinha industrial<\/p>\n<p>Constru\u00e7\u00e3o da passarela com \u00e1rea coberta.<\/p>\n<p>Constru\u00e7\u00e3o de sala multifuncional.<\/p>\n<p>Constru\u00e7\u00e3o e instala\u00e7\u00e3o da piscina com grade de prote\u00e7\u00e3o.<\/p>\n<p>Constru\u00e7\u00e3o da cobertura da piscina.<\/p>\n<p>Cobertura do piso e parquinho.<\/p>\n<p>Reforma da secretaria.<\/p>\n<p>Aquisi\u00e7\u00e3o e instala\u00e7\u00e3o de placas de energia solar.<\/p>\n<p>Reforma e troca do telhado da escola.<\/p>\n<p>Constru\u00e7\u00e3o da garagem e cobertura para o \u00f4nibus.<\/p>\n<p>Brinquedoteca<\/p>\n<p>\u00d4nibus com elevador doado pela prefeitura.<\/p>\n<p>Aquisi\u00e7\u00e3o de ve\u00edculo carro 0km.<\/p>\n<p>ESSAS AQUISI\u00d5ES S\u00d3 FORAM POSSIVEIS ATRAVES DE PROJETOS MOSTRANDO ASSIM SUA CREDIBILIDADE. POIS A CONHECEMOS DESDE CRIAN\u00c7A E COMO FOI SUA TRAJETORIA DE VIDA EM NOSSA CIDADE DE GUARANT\u00c3 DO NORTE.<\/p>\n<p><strong>AGRADECIMENTOS. <\/strong><\/p>\n<p>No final de sua entrevista, Rose Sala agradeceu o apoio recebido de toda a sociedade que contribuiu com os grandes resultados obtidos pela diretoria, dire\u00e7\u00e3o e coordena\u00e7\u00e3o da escola. \u201c<em>S\u00f3 tenho a dizer que durante esses 12 anos eu aprendi e cresci muito frente \u00e0 coordena\u00e7\u00e3o da APAE, s\u00f3 tenho a agradecer \u00e0 prefeitura, secretaria de educa\u00e7\u00e3o, c\u00e2mara de vereadores, Poder Judici\u00e1rio, Minist\u00e9rio P\u00fablico, For\u00e7a A\u00e9rea Brasileira, entidades e os clubes prestadores de servi\u00e7os. Em especial, tamb\u00e9m a todos que confiaram em nosso trabalho e que de uma forma direta ou indireta contribu\u00edram para que a APAE de Guarant\u00e3 se tornasse nesta institui\u00e7\u00e3o de grande relev\u00e2ncia para o munic\u00edpio<\/em>\u201d. Finalizou Rose sala.<\/p>\n<p>veja o v\u00eddeo com a entrevista<\/p>\n<div style=\"width: 640px;\" class=\"wp-video\"><!--[if lt IE 9]><script>document.createElement('video');<\/script><![endif]-->\n<video class=\"wp-video-shortcode\" id=\"video-44828-1\" width=\"640\" height=\"360\" preload=\"metadata\" controls=\"controls\"><source type=\"video\/mp4\" src=\"https:\/\/portalnewsgta.com.br\/wp-content\/uploads\/2025\/02\/AQO93aI-3gKT_YtGsIzzo57OBs6R0wOUIBgWKj19zHFCeECtpfowl8QV6g-eVZe92osJKuOstcjyp00ntFZhn7Sa-2.mp4?_=1\" \/><a href=\"https:\/\/portalnewsgta.com.br\/wp-content\/uploads\/2025\/02\/AQO93aI-3gKT_YtGsIzzo57OBs6R0wOUIBgWKj19zHFCeECtpfowl8QV6g-eVZe92osJKuOstcjyp00ntFZhn7Sa-2.mp4\">https:\/\/portalnewsgta.com.br\/wp-content\/uploads\/2025\/02\/AQO93aI-3gKT_YtGsIzzo57OBs6R0wOUIBgWKj19zHFCeECtpfowl8QV6g-eVZe92osJKuOstcjyp00ntFZhn7Sa-2.mp4<\/a><\/video><\/div>\n<p>O Site Portal News GTA, se coloca a disposi\u00e7\u00e3o para que a secretaria municipal de educa\u00e7\u00e3o possa se pronunciar sobre o assunto.<\/p>\n<p>Autor: reda\u00e7\u00e3o Portal News GTA &#8211; Ademir Junior.<\/p>\n","protected":false},"excerpt":{"rendered":"<p>Ap\u00f3s 12 anos na dire\u00e7\u00e3o da escola especial Fonte de Esperan\u00e7a, APAE de Guarant\u00e3 do<\/p>\n","protected":false},"author":2,"featured_media":44838,"comment_status":"open","ping_status":"open","sticky":false,"template":"","format":"standard","meta":{"footnotes":""},"categories":[7,13,14],"tags":[669],"aioseo_notices":[],"_links":{"self":[{"href":"https:\/\/portalnewsgta.com.br\/index.php\/wp-json\/wp\/v2\/posts\/44828"}],"collection":[{"href":"https:\/\/portalnewsgta.com.br\/index.php\/wp-json\/wp\/v2\/posts"}],"about":[{"href":"https:\/\/portalnewsgta.com.br\/index.php\/wp-json\/wp\/v2\/types\/post"}],"author":[{"embeddable":true,"href":"https:\/\/portalnewsgta.com.br\/index.php\/wp-json\/wp\/v2\/users\/2"}],"replies":[{"embeddable":true,"href":"https:\/\/portalnewsgta.com.br\/index.php\/wp-json\/wp\/v2\/comments?post=44828"}],"version-history":[{"count":1,"href":"https:\/\/portalnewsgta.com.br\/index.php\/wp-json\/wp\/v2\/posts\/44828\/revisions"}],"predecessor-version":[{"id":44831,"href":"https:\/\/portalnewsgta.com.br\/index.php\/wp-json\/wp\/v2\/posts\/44828\/revisions\/44831"}],"wp:featuredmedia":[{"embeddable":true,"href":"https:\/\/portalnewsgta.com.br\/index.php\/wp-json\/wp\/v2\/media\/44838"}],"wp:attachment":[{"href":"https:\/\/portalnewsgta.com.br\/index.php\/wp-json\/wp\/v2\/media?parent=44828"}],"wp:term":[{"taxonomy":"category","embeddable":true,"href":"https:\/\/portalnewsgta.com.br\/index.php\/wp-json\/wp\/v2\/categories?post=44828"},{"taxonomy":"post_tag","embeddable":true,"href":"https:\/\/portalnewsgta.com.br\/index.php\/wp-json\/wp\/v2\/tags?post=44828"}],"curies":[{"name":"wp","href":"https:\/\/api.w.org\/{rel}","templated":true}]}}