{"id":44681,"date":"2025-02-05T06:43:05","date_gmt":"2025-02-05T09:43:05","guid":{"rendered":"https:\/\/portalnewsgta.com.br\/index.php\/2025\/02\/05\/ministerio-da-cultura-repudia-grammy-por-negar-lugar-a-milton-nascimento\/"},"modified":"2025-02-05T06:43:05","modified_gmt":"2025-02-05T09:43:05","slug":"ministerio-da-cultura-repudia-grammy-por-negar-lugar-a-milton-nascimento","status":"publish","type":"post","link":"https:\/\/portalnewsgta.com.br\/index.php\/2025\/02\/05\/ministerio-da-cultura-repudia-grammy-por-negar-lugar-a-milton-nascimento\/","title":{"rendered":"Minist\u00e9rio da Cultura repudia Grammy por negar lugar a Milton Nascimento"},"content":{"rendered":"<p>S\u00c3O PAULO, SP (FOLHAPRESS) &#8211; O Minist\u00e9rio da Cultura, o MinC, divulgou nesta ter\u00e7a-feira (4) uma nota de rep\u00fadio ao Grammy pelo tratamento da premia\u00e7\u00e3o ao cantor Milton Nascimento. O brasileiro, que concorria na categoria de melhor \u00e1lbum de jazz vocal por &#8220;Milton + Esperanza&#8221;, optou por n\u00e3o ir ao evento depois da organiza\u00e7\u00e3o negar a ele um lugar entre as mesas principais da festa.<\/p>\n<div class=\"dummyPub\">\u00a0<\/div>\n<p>No comunicado \u00e0 imprensa, o \u00f3rg\u00e3o critica a cerim\u00f4nia por escolher alocar o m\u00fasico em um lugar da Cryptocom Arena -onde o evento aconteceu- que era incompat\u00edvel com a sua reputa\u00e7\u00e3o. &#8220;A decis\u00e3o da Academia [de Grava\u00e7\u00e3o] de posicion\u00e1-lo em um local incompat\u00edvel com sua trajet\u00f3ria, prest\u00edgio internacional e necessidades f\u00edsicas demonstra falta de sensibilidade e respeito a um dos maiores nomes da m\u00fasica brasileira&#8221;, escreveu o MinC na nota.<\/p>\n<p>&#8220;Milton Nascimento, \u00edcone da cultura nacional, coleciona pr\u00eamios e reconhecimentos que atravessam gera\u00e7\u00f5es e fronteiras. Sua obra influenciou artistas em todo o mundo, elevando a m\u00fasica brasileira a patamares de excel\u00eancia. Com sua voz \u00fanica e composi\u00e7\u00f5es memor\u00e1veis, Milton seguir\u00e1 sendo celebrado por aqueles que compreendem e respeitam sua imensa contribui\u00e7\u00e3o \u00e0 m\u00fasica.&#8221;<\/p>\n<p>Na \u00faltima segunda-feira, o cantor disse em suas redes sociais a organiza\u00e7\u00e3o escolheu um assento na arquibancada para ele, ao inv\u00e9s de posicion\u00e1-lo junto da colega de disco Esperanza Spalding. A idade avan\u00e7ada do cantor n\u00e3o permitia que ele subisse e descesse escadas, o que o levou a desistir de participar da premia\u00e7\u00e3o.<\/p>\n<p>Na noite do evento, Spalding acusou a Academia de Grava\u00e7\u00e3o de recusar um lugar para o brasileiro.<\/p>\n<p>Milton Nascimento e Esperanza Spalding perderam o Grammy de melhor \u00e1lbum de jazz vocal para Samara Joy, que venceu a categoria com o disco &#8220;A Joyful Holiday&#8221;.<\/p>\n<p>Fonte: noticiasaominuto.com.br<\/p>\n","protected":false},"excerpt":{"rendered":"<p>S\u00c3O PAULO, SP (FOLHAPRESS) &#8211; O Minist\u00e9rio da Cultura, o MinC, divulgou nesta ter\u00e7a-feira (4)<\/p>\n","protected":false},"author":0,"featured_media":44682,"comment_status":"open","ping_status":"open","sticky":false,"template":"","format":"standard","meta":{"footnotes":""},"categories":[6],"tags":[],"aioseo_notices":[],"_links":{"self":[{"href":"https:\/\/portalnewsgta.com.br\/index.php\/wp-json\/wp\/v2\/posts\/44681"}],"collection":[{"href":"https:\/\/portalnewsgta.com.br\/index.php\/wp-json\/wp\/v2\/posts"}],"about":[{"href":"https:\/\/portalnewsgta.com.br\/index.php\/wp-json\/wp\/v2\/types\/post"}],"replies":[{"embeddable":true,"href":"https:\/\/portalnewsgta.com.br\/index.php\/wp-json\/wp\/v2\/comments?post=44681"}],"version-history":[{"count":0,"href":"https:\/\/portalnewsgta.com.br\/index.php\/wp-json\/wp\/v2\/posts\/44681\/revisions"}],"wp:featuredmedia":[{"embeddable":true,"href":"https:\/\/portalnewsgta.com.br\/index.php\/wp-json\/wp\/v2\/media\/44682"}],"wp:attachment":[{"href":"https:\/\/portalnewsgta.com.br\/index.php\/wp-json\/wp\/v2\/media?parent=44681"}],"wp:term":[{"taxonomy":"category","embeddable":true,"href":"https:\/\/portalnewsgta.com.br\/index.php\/wp-json\/wp\/v2\/categories?post=44681"},{"taxonomy":"post_tag","embeddable":true,"href":"https:\/\/portalnewsgta.com.br\/index.php\/wp-json\/wp\/v2\/tags?post=44681"}],"curies":[{"name":"wp","href":"https:\/\/api.w.org\/{rel}","templated":true}]}}