{"id":4466,"date":"2024-04-20T11:51:38","date_gmt":"2024-04-20T14:51:38","guid":{"rendered":"https:\/\/portalnewsgta.com.br\/index.php\/2024\/04\/20\/juan-paiva-fala-sobre-injustica-sofrida-em-serie-nunca-passei-por-algo-tao-duro-e-cruel\/"},"modified":"2024-04-20T11:51:38","modified_gmt":"2024-04-20T14:51:38","slug":"juan-paiva-fala-sobre-injustica-sofrida-em-serie-nunca-passei-por-algo-tao-duro-e-cruel","status":"publish","type":"post","link":"https:\/\/portalnewsgta.com.br\/index.php\/2024\/04\/20\/juan-paiva-fala-sobre-injustica-sofrida-em-serie-nunca-passei-por-algo-tao-duro-e-cruel\/","title":{"rendered":"Juan Paiva fala sobre injusti\u00e7a sofrida em s\u00e9rie: &#8216;Nunca passei por algo t\u00e3o duro e cruel&#8217;"},"content":{"rendered":"<p>VITOR MORENO<br \/>RIO DE JANEIRO, RJ (FOLHAPRESS) &#8211; &#8220;Todos n\u00f3s j\u00e1 vivemos algum tipo de injusti\u00e7a&#8221;, diz Juan Paiva, 26, ao ser perguntado sobre onde busca o sentimento de seu personagem, Balthazar, em &#8220;Justi\u00e7a 2&#8221;. Na s\u00e9rie, dispon\u00edvel no Globoplay e com novos epis\u00f3dios chegando na plataforma todas as quintas-feiras, o rapaz \u00e9 um motoboy que acaba preso por um reconhecimento facial err\u00f4neo feito por uma v\u00edtima de assalto \u00e0 pol\u00edcia.<\/p>\n<div class=\"dummyPub\"><\/div>\n<p>&#8220;O que acontece com o Balthazar \u00e9 muito s\u00e9rio, nunca passei por algo t\u00e3o duro e cruel&#8221;, conta o ator. &#8220;Espero n\u00e3o passar, e que nenhum dos meus amigos ou pessoas que eu amo passe, sacou? Mas, na vida, todo mundo j\u00e1 viveu alguma situa\u00e7\u00e3o em que se sentiu injusti\u00e7ado, seja na fam\u00edlia, na roda de amigos. \u00c0s vezes, s\u00e3o coisas pequenas que a gente n\u00e3o d\u00e1 tanta relev\u00e2ncia.&#8221;<\/p>\n<p>Al\u00e9m da s\u00e9rie, o carioca tamb\u00e9m tem recebido elogios pelo papel de Jo\u00e3o Pedro, o filho ca\u00e7ula do coronel do cacau Jos\u00e9 Inoc\u00eancio (Marcos Palmeira) em &#8220;Renascer&#8221;, novela das nove da Globo. O rapaz \u00e9 enjeitado pela fam\u00edlia desde que a m\u00e3e morreu no parto dele. Para Paiva, os dois personagens podem at\u00e9 ter alguma semelhan\u00e7a, mas muitas mais diferen\u00e7as.<\/p>\n<p>&#8220;Balthazar \u00e9 um personagem totalmente diferente de Jo\u00e3o Pedro&#8221;, avalia. &#8220;O Balthazar sofre no lugar da injusti\u00e7a. \u00c9 um jovem trabalhador, que \u00e9 criado pela av\u00f3 para ser um guerreiro da vida. E, com toda a personalidade, a dignidade, o car\u00e1ter e a humildade dele, ele vai tentando ganhar a vida dessa forma.&#8221;<\/p>\n<p>&#8220;Jo\u00e3o Pedro \u00e9 um personagem que sofre num lugar diferente&#8221;, compara. &#8220;Sofre pela culpa que carrega da m\u00e3e ter morrido no parto dele. \u00c9 um rapaz que mais se parece com o pai, mas tamb\u00e9m n\u00e3o tem esse amor rec\u00edproco, sabe? Ele tenta resgatar isso durante a pr\u00f3pria trajet\u00f3ria. Mas tem um lugar de independ\u00eancia, de for\u00e7a, de n\u00e3o abaixar a cabe\u00e7a para as dificuldades da vida&#8230; Eu acho que \u00e9 a\u00ed que eles conversam.&#8221;<\/p>\n<p>Fato \u00e9 que s\u00e3o dois personagens sofridos, e que o ator d\u00e1 conta do recado quando \u00e9 preciso evocar essa emo\u00e7\u00e3o em cena. &#8220;Ultimamente eu venho fazendo uns personagens a quem a vida vai oferecendo essa consequ\u00eancia negativa&#8221;, admite. &#8220;Mas eu tento levar para eles um pouco mais de leveza e carisma. Por mais que a hist\u00f3ria \u00e0s vezes d\u00ea uma pesada.&#8221;<\/p>\n<p>Paiva at\u00e9 tem vontade de experimentar lugares diferentes dentro da atua\u00e7\u00e3o, mas acha que ainda tem muita lenha para queimar sem ficar marcado por um \u00fanico tipo. &#8220;Acho que s\u00e3o muitas possibilidades para eu me fechar numa coisa s\u00f3&#8221;, comenta. &#8220;Mas enquanto tiver personagem para sofrer, n\u00f3s vamos estar sofrendo (risos).&#8221;<\/p>\n<p>Para compor Balthazar, o ator diz que n\u00e3o teve tempo de conversar com nenhum motoboy, mas que conhece v\u00e1rios jovens parecidos com ele. &#8220;O Brasil tem v\u00e1rios personagens assim, que sofrem esse tipo de injusti\u00e7a&#8221;, lembra. E os exemplos, de fato, est\u00e3o na ponta da l\u00edngua.<\/p>\n<p>&#8220;Enquanto eu estava gravando em Bras\u00edlia [a s\u00e9rie foi ambientada na cidade sat\u00e9lite de Ceil\u00e2ndia, no DF], eu vi uma mat\u00e9ria sobre um garoto que estava saindo da cadeia depois de um m\u00eas tentando provar sua inoc\u00eancia&#8221;, conta. &#8220;Aqui no Rio acabou de sair da cadeia tamb\u00e9m um conhecido que passou uns dois anos na cadeia por algo que ele n\u00e3o fez.&#8221;<\/p>\n<p>&#8220;Tamb\u00e9m achei bizarro o que aconteceu com o Michael B. Jordan h\u00e1 um tempo&#8221;, diz, lembrando-se de um caso ocorrido em 2022. Na \u00e9poca, a Pol\u00edcia Civil do Cear\u00e1 incluiu uma foto do astro americano de filmes como &#8220;Pantera Negra&#8221; (2018) em um cat\u00e1logo de reconhecimento de suspeitos.<br \/>&#8220;Tipo, a galera n\u00e3o sabe nem o que t\u00e1 falando, n\u00e3o sabe nem o que t\u00e1 acusando, sabe?&#8221;, reclama. &#8220;Sou muito grato de poder dar a voz \u00e0s pessoas que n\u00e3o t\u00eam voz nesse tipo de situa\u00e7\u00e3o. Eu entendi como uma grande responsabilidade mesmo.&#8221;<\/p>\n<p>Ele lembra que isso ocorre mais com pessoas pretas e que n\u00e3o d\u00e1 para esquecer o vi\u00e9s racial quando estamos falando desse tipo de situa\u00e7\u00e3o. &#8220;Quando voc\u00ea \u00e9 um preto, um favelado, voc\u00ea \u00e9 minoria&#8221;, afirma. &#8220;\u00c9 dif\u00edcil voc\u00ea combater algo que \u00e9 maior que voc\u00ea e que vem acontecendo na nossa realidade, em todo o Brasil.&#8221;<\/p>\n<p>Mesmo assim, diz torcer para que o p\u00fablico crie uma sensibilidade diferente sobre o assunto ap\u00f3s acompanhar a trajet\u00f3ria do personagem e ver o outro lado dessa moeda. &#8220;Espero que mude o conceito de algumas pessoas, dessas que apontam o dedo e que acusam sem saber se algo \u00e9 verdade&#8221;, afirma.<\/p>\n<p>Sobre as cenas em que aparece andando de moto, Juan Paiva diz que n\u00e3o teve problemas de fazer porque \u00e9 habilitado para dirigir esse tipo de ve\u00edculo desde 2018. &#8220;Tirei carteira de moto e carro justamente por causa do trabalho, para n\u00e3o ter dubl\u00ea&#8221;, conta. &#8220;Quero ser um artista que se arrisca em lugares. Ent\u00e3o, dirigir, fazer cenas de a\u00e7\u00e3o, me colocar ali, eu acho que me conecta na hist\u00f3ria e traz uma mem\u00f3ria emotiva que facilita quando a gente vai fazer qualquer tipo de cena.&#8221;<\/p>\n<p>At\u00e9 porque convites n\u00e3o t\u00eam faltado. Menos de uma d\u00e9cada depois de sua estreia na televis\u00e3o, em &#8220;Totalmente Demais&#8221; (2015), ele se destacou em quase todos os trabalhos que fez no audiovisual, de &#8220;Malha\u00e7\u00e3o &#8211; Viva a Diferen\u00e7a&#8221; (2017-2018) a &#8220;Um Lugar ao Sol&#8221; (2021), passando pelo filme &#8220;Nosso Sonho: A Hist\u00f3ria de Claudinho e Buchecha&#8221; (2023), em que viveu o funkeiro de sucesso que perdeu o parceiro.<\/p>\n<p>&#8220;\u00c9 algo pelo qual eu venho lutando desde 8 anos de idade: que as pessoas possam assistir ao meu trabalho, \u00e0 minha arte, de certa forma&#8221;, comemora. &#8220;E isso est\u00e1 acontecendo, ent\u00e3o, acho que a palavra \u00e9 gratid\u00e3o mesmo. Estou muito feliz com tudo.&#8221;<\/p>\n<p>Leia Tamb\u00e9m: <a href=\"https:\/\/www.noticiasaominuto.com.br\/celebridades\/2140295\/davi-foi-orientado-por-advogado-a-dizer-que-nao-e-casado\" target=\"_blank\" rel=\"noopener\">Davi foi orientado por advogado a dizer que n\u00e3o \u00e9 casado<\/a><\/p>\n<p>Fonte: noticiasaominuto.com.br<\/p>\n","protected":false},"excerpt":{"rendered":"<p>VITOR MORENORIO DE JANEIRO, RJ (FOLHAPRESS) &#8211; &#8220;Todos n\u00f3s j\u00e1 vivemos algum tipo de injusti\u00e7a&#8221;,<\/p>\n","protected":false},"author":0,"featured_media":4467,"comment_status":"open","ping_status":"open","sticky":false,"template":"","format":"standard","meta":{"footnotes":""},"categories":[6],"tags":[],"aioseo_notices":[],"_links":{"self":[{"href":"https:\/\/portalnewsgta.com.br\/index.php\/wp-json\/wp\/v2\/posts\/4466"}],"collection":[{"href":"https:\/\/portalnewsgta.com.br\/index.php\/wp-json\/wp\/v2\/posts"}],"about":[{"href":"https:\/\/portalnewsgta.com.br\/index.php\/wp-json\/wp\/v2\/types\/post"}],"replies":[{"embeddable":true,"href":"https:\/\/portalnewsgta.com.br\/index.php\/wp-json\/wp\/v2\/comments?post=4466"}],"version-history":[{"count":0,"href":"https:\/\/portalnewsgta.com.br\/index.php\/wp-json\/wp\/v2\/posts\/4466\/revisions"}],"wp:featuredmedia":[{"embeddable":true,"href":"https:\/\/portalnewsgta.com.br\/index.php\/wp-json\/wp\/v2\/media\/4467"}],"wp:attachment":[{"href":"https:\/\/portalnewsgta.com.br\/index.php\/wp-json\/wp\/v2\/media?parent=4466"}],"wp:term":[{"taxonomy":"category","embeddable":true,"href":"https:\/\/portalnewsgta.com.br\/index.php\/wp-json\/wp\/v2\/categories?post=4466"},{"taxonomy":"post_tag","embeddable":true,"href":"https:\/\/portalnewsgta.com.br\/index.php\/wp-json\/wp\/v2\/tags?post=4466"}],"curies":[{"name":"wp","href":"https:\/\/api.w.org\/{rel}","templated":true}]}}