{"id":44534,"date":"2025-02-03T22:44:02","date_gmt":"2025-02-04T01:44:02","guid":{"rendered":"https:\/\/portalnewsgta.com.br\/index.php\/2025\/02\/03\/milton-nascimento-desistiu-de-ir-ao-grammy-por-ter-que-sentar-na-arquibancada\/"},"modified":"2025-02-03T22:44:02","modified_gmt":"2025-02-04T01:44:02","slug":"milton-nascimento-desistiu-de-ir-ao-grammy-por-ter-que-sentar-na-arquibancada","status":"publish","type":"post","link":"https:\/\/portalnewsgta.com.br\/index.php\/2025\/02\/03\/milton-nascimento-desistiu-de-ir-ao-grammy-por-ter-que-sentar-na-arquibancada\/","title":{"rendered":"Milton Nascimento desistiu de ir ao Grammy por ter que sentar na arquibancada"},"content":{"rendered":"<p>S\u00c3O PAULO, SP (FOLHAPRESS) &#8211; O cantor Milton Nascimento negou a informa\u00e7\u00e3o de que teve assento negado na cerim\u00f4nia de premia\u00e7\u00e3o do Grammy no \u00faltimo domingo (2). Em seu perfil no Instagram, o brasileiro afirmou nesta segunda-feira (3) que houve uma confus\u00e3o nos convites e que por isso ele decidiu n\u00e3o comparecer ao evento.<\/p>\n<div class=\"dummyPub\">\u00a0<\/div>\n<p>Milton concorria ao pr\u00eamio de melhor \u00e1lbum de jazz vocal por &#8220;Milton + Esperanza&#8221;, disco feito em parceria com a americana Esperanza Spalding. Na noite da premia\u00e7\u00e3o, a cantora acusou a Academia de Grava\u00e7\u00e3o de recusar um lugar para o brasileiro.<\/p>\n<p>Segundo Milton, a equipe do disco percebeu no dia anterior ao evento que a organiza\u00e7\u00e3o destinara o m\u00fasico a um lugar na arquibancada. Ele diz que a premia\u00e7\u00e3o, quando questionada pelo time de Esperanza, afirmou que ficariam nas mesas apenas os artistas que eles queriam na transmiss\u00e3o oficial.<\/p>\n<p>Ainda de acordo com o brasileiro, a decis\u00e3o de n\u00e3o ir ao Grammy foi tomada por conta da sua idade avan\u00e7ada e da sua impossibilidade de subir e descer escadas. &#8220;Tendo em vista a carreira vitoriosa, o\u00a0reconhecimento e o respeito conquistado pelo genial artista brasileiro, optamos pela aus\u00eancia dele na cerim\u00f4nia principal&#8221;, escreveu o cantor no Instagram.<\/p>\n<p>Leia Tamb\u00e9m: <a href=\"https:\/\/www.noticiasaominuto.com.br\/celebridades\/2256702\/grammy-negou-lugar-a-milton-nascimento-na-premiacao-diz-cantora\" target=\"_blank\" rel=\"noopener\">Grammy negou lugar a Milton Nascimento na premia\u00e7\u00e3o, diz cantora<\/a><\/p>\n<p>Fonte: noticiasaominuto.com.br<\/p>\n","protected":false},"excerpt":{"rendered":"<p>S\u00c3O PAULO, SP (FOLHAPRESS) &#8211; O cantor Milton Nascimento negou a informa\u00e7\u00e3o de que teve<\/p>\n","protected":false},"author":0,"featured_media":44535,"comment_status":"open","ping_status":"open","sticky":false,"template":"","format":"standard","meta":{"footnotes":""},"categories":[6],"tags":[],"aioseo_notices":[],"_links":{"self":[{"href":"https:\/\/portalnewsgta.com.br\/index.php\/wp-json\/wp\/v2\/posts\/44534"}],"collection":[{"href":"https:\/\/portalnewsgta.com.br\/index.php\/wp-json\/wp\/v2\/posts"}],"about":[{"href":"https:\/\/portalnewsgta.com.br\/index.php\/wp-json\/wp\/v2\/types\/post"}],"replies":[{"embeddable":true,"href":"https:\/\/portalnewsgta.com.br\/index.php\/wp-json\/wp\/v2\/comments?post=44534"}],"version-history":[{"count":0,"href":"https:\/\/portalnewsgta.com.br\/index.php\/wp-json\/wp\/v2\/posts\/44534\/revisions"}],"wp:featuredmedia":[{"embeddable":true,"href":"https:\/\/portalnewsgta.com.br\/index.php\/wp-json\/wp\/v2\/media\/44535"}],"wp:attachment":[{"href":"https:\/\/portalnewsgta.com.br\/index.php\/wp-json\/wp\/v2\/media?parent=44534"}],"wp:term":[{"taxonomy":"category","embeddable":true,"href":"https:\/\/portalnewsgta.com.br\/index.php\/wp-json\/wp\/v2\/categories?post=44534"},{"taxonomy":"post_tag","embeddable":true,"href":"https:\/\/portalnewsgta.com.br\/index.php\/wp-json\/wp\/v2\/tags?post=44534"}],"curies":[{"name":"wp","href":"https:\/\/api.w.org\/{rel}","templated":true}]}}