{"id":44503,"date":"2025-02-03T16:43:09","date_gmt":"2025-02-03T19:43:09","guid":{"rendered":"https:\/\/portalnewsgta.com.br\/index.php\/2025\/02\/03\/lima-idolo-historico-do-santos-morre-aos-83-anos\/"},"modified":"2025-02-03T16:43:09","modified_gmt":"2025-02-03T19:43:09","slug":"lima-idolo-historico-do-santos-morre-aos-83-anos","status":"publish","type":"post","link":"https:\/\/portalnewsgta.com.br\/index.php\/2025\/02\/03\/lima-idolo-historico-do-santos-morre-aos-83-anos\/","title":{"rendered":"Lima, \u00eddolo hist\u00f3rico do Santos, morre aos 83 anos"},"content":{"rendered":"<p>S\u00c3O PAULO, SP (FOLHAPRESS) &#8211; O Santos informou nesta segunda-feira (3) a morte de Lima, 83, um de seus \u00eddolos hist\u00f3ricos. Parte da equipe alvinegra que contava com Pel\u00e9 e ganhou tudo nos anos 60, ele estava internado fazia um m\u00eas por problemas nos rins e no cora\u00e7\u00e3o.<\/p>\n<div class=\"dummyPub\">\u00a0<\/div>\n<p>&#8220;Ant\u00f4nio Lima dos Santos deixou sua marca eternizada na hist\u00f3ria do Santos FC. Foi um polivalente atleta que se propunha, com grande qualidade, atuar em qualquer posi\u00e7\u00e3o para ajudar o time dentro de campo&#8221;, publicou o clube, em texto no qual lamentava a partida daquele que era chamado de Curinga da Vila.<\/p>\n<p>&#8220;De zagueiro ou de meia, de lateral ou de atacante, Lima se doava como poucos e era um grande exemplo a ser seguido. Sua paix\u00e3o e dedica\u00e7\u00e3o ao clube permaneceram at\u00e9 seus \u00faltimos dias. Fazia quest\u00e3o de participar de todos os eventos e a\u00e7\u00f5es como um dos \u00eddolos eternos, principalmente para ficar pr\u00f3ximo dos torcedores. Seu legado foi realizado com grande polival\u00eancia, e certamente nunca ser\u00e1 esquecido&#8221;, acrescentou a agremia\u00e7\u00e3o.<\/p>\n<p>O Santos estabeleceu luto oficial de sete dias, com bandeira a meio-pau. O vel\u00f3rio ter\u00e1 in\u00edcio \u00e0s 22h desta segunda-feira, no Sal\u00e3o de M\u00e1rmore do clube. A crema\u00e7\u00e3o ocorrer\u00e1 na ter\u00e7a, \u00e0s 11h, na Memorial Necr\u00f3pole Ecum\u00eanica de Santos.<\/p>\n<p>Fonte: noticiasaominuto.com.br<\/p>\n","protected":false},"excerpt":{"rendered":"<p>S\u00c3O PAULO, SP (FOLHAPRESS) &#8211; O Santos informou nesta segunda-feira (3) a morte de Lima,<\/p>\n","protected":false},"author":0,"featured_media":44504,"comment_status":"open","ping_status":"open","sticky":false,"template":"","format":"standard","meta":{"footnotes":""},"categories":[4],"tags":[],"aioseo_notices":[],"_links":{"self":[{"href":"https:\/\/portalnewsgta.com.br\/index.php\/wp-json\/wp\/v2\/posts\/44503"}],"collection":[{"href":"https:\/\/portalnewsgta.com.br\/index.php\/wp-json\/wp\/v2\/posts"}],"about":[{"href":"https:\/\/portalnewsgta.com.br\/index.php\/wp-json\/wp\/v2\/types\/post"}],"replies":[{"embeddable":true,"href":"https:\/\/portalnewsgta.com.br\/index.php\/wp-json\/wp\/v2\/comments?post=44503"}],"version-history":[{"count":0,"href":"https:\/\/portalnewsgta.com.br\/index.php\/wp-json\/wp\/v2\/posts\/44503\/revisions"}],"wp:featuredmedia":[{"embeddable":true,"href":"https:\/\/portalnewsgta.com.br\/index.php\/wp-json\/wp\/v2\/media\/44504"}],"wp:attachment":[{"href":"https:\/\/portalnewsgta.com.br\/index.php\/wp-json\/wp\/v2\/media?parent=44503"}],"wp:term":[{"taxonomy":"category","embeddable":true,"href":"https:\/\/portalnewsgta.com.br\/index.php\/wp-json\/wp\/v2\/categories?post=44503"},{"taxonomy":"post_tag","embeddable":true,"href":"https:\/\/portalnewsgta.com.br\/index.php\/wp-json\/wp\/v2\/tags?post=44503"}],"curies":[{"name":"wp","href":"https:\/\/api.w.org\/{rel}","templated":true}]}}