{"id":44501,"date":"2025-02-03T16:42:56","date_gmt":"2025-02-03T19:42:56","guid":{"rendered":"https:\/\/portalnewsgta.com.br\/index.php\/2025\/02\/03\/gerson-brenner-esta-reagindo-superbem-a-tratamento-na-uti-diz-esposa\/"},"modified":"2025-02-03T16:42:56","modified_gmt":"2025-02-03T19:42:56","slug":"gerson-brenner-esta-reagindo-superbem-a-tratamento-na-uti-diz-esposa","status":"publish","type":"post","link":"https:\/\/portalnewsgta.com.br\/index.php\/2025\/02\/03\/gerson-brenner-esta-reagindo-superbem-a-tratamento-na-uti-diz-esposa\/","title":{"rendered":"Gerson Brenner est\u00e1 reagindo &#8216;superbem&#8217; a tratamento na UTI, diz esposa"},"content":{"rendered":"<p>S\u00c3O PAULO, SP (UOL\/FOLHAPRESS) &#8211; Marta Mendon\u00e7a, mulher de Gerson Brenner, afirmou que o ator est\u00e1 evoluindo &#8220;superbem&#8221;. Ele foi internado na UTI ap\u00f3s um diagn\u00f3stico de pneumonia.<\/p>\n<div class=\"dummyPub\">\u00a0<\/div>\n<p>Marta disse que Gerson deve voltar para casa em breve. &#8220;Hoje conversei com a m\u00e9dica e ela falou que Gerson est\u00e1 surpreendendo toda a equipe, que ele est\u00e1 superbem, est\u00e1 reagindo muito, muito bem aos antibi\u00f3ticos e que logo, logo, ele vai estar aqui em casa&#8221;, explicou ela \u00e0 revista Quem.<\/p>\n<p>O ator foi internado na UTI do Hospital S\u00e3o Luiz, em S\u00e3o Paulo, no dia 29 de janeiro. Ele foi diagnosticado com uma pneumonia e passa por tratamento com antibi\u00f3ticos.<\/p>\n<p>Ele foi baleado na cabe\u00e7a durante um assalto na Rodovia Ayrton Senna, em 1998, aos 38 anos. A bala atravessou o lado esquerdo do c\u00e9rebro e ficou alojada na altura da nuca.<\/p>\n<p>Na ocasi\u00e3o, ele ficou internado em coma e, desde ent\u00e3o, apresenta dificuldades na fala e locomo\u00e7\u00e3o. A trag\u00e9dia ocorreu poucas horas antes da grava\u00e7\u00e3o de sua \u00faltima cena na novela &#8220;Corpo Dourado&#8221;, na qual interpretava o personagem Jorginho.<\/p>\n<p>Leia Tamb\u00e9m: <a href=\"https:\/\/www.noticiasaominuto.com.br\/celebridades\/2256750\/clima-tenso-entre-os-brothers-diogo-e-aline-nao-se-falam-apos-formacao-do-paredao-no-bbb-25\" target=\"_blank\" rel=\"noopener\">Clima tenso entre os brothers: Diogo e Aline n\u00e3o se falam ap\u00f3s forma\u00e7\u00e3o do Pared\u00e3o no BBB 25<\/a><\/p>\n<p>Fonte: noticiasaominuto.com.br<\/p>\n","protected":false},"excerpt":{"rendered":"<p>S\u00c3O PAULO, SP (UOL\/FOLHAPRESS) &#8211; Marta Mendon\u00e7a, mulher de Gerson Brenner, afirmou que o ator<\/p>\n","protected":false},"author":0,"featured_media":44502,"comment_status":"open","ping_status":"open","sticky":false,"template":"","format":"standard","meta":{"footnotes":""},"categories":[6],"tags":[],"aioseo_notices":[],"_links":{"self":[{"href":"https:\/\/portalnewsgta.com.br\/index.php\/wp-json\/wp\/v2\/posts\/44501"}],"collection":[{"href":"https:\/\/portalnewsgta.com.br\/index.php\/wp-json\/wp\/v2\/posts"}],"about":[{"href":"https:\/\/portalnewsgta.com.br\/index.php\/wp-json\/wp\/v2\/types\/post"}],"replies":[{"embeddable":true,"href":"https:\/\/portalnewsgta.com.br\/index.php\/wp-json\/wp\/v2\/comments?post=44501"}],"version-history":[{"count":0,"href":"https:\/\/portalnewsgta.com.br\/index.php\/wp-json\/wp\/v2\/posts\/44501\/revisions"}],"wp:featuredmedia":[{"embeddable":true,"href":"https:\/\/portalnewsgta.com.br\/index.php\/wp-json\/wp\/v2\/media\/44502"}],"wp:attachment":[{"href":"https:\/\/portalnewsgta.com.br\/index.php\/wp-json\/wp\/v2\/media?parent=44501"}],"wp:term":[{"taxonomy":"category","embeddable":true,"href":"https:\/\/portalnewsgta.com.br\/index.php\/wp-json\/wp\/v2\/categories?post=44501"},{"taxonomy":"post_tag","embeddable":true,"href":"https:\/\/portalnewsgta.com.br\/index.php\/wp-json\/wp\/v2\/tags?post=44501"}],"curies":[{"name":"wp","href":"https:\/\/api.w.org\/{rel}","templated":true}]}}