{"id":4424,"date":"2024-04-19T20:43:55","date_gmt":"2024-04-19T23:43:55","guid":{"rendered":"https:\/\/portalnewsgta.com.br\/index.php\/2024\/04\/19\/dancarina-pede-demissao-do-sbt-apos-fala-considerada-racista-de-ratinho\/"},"modified":"2024-04-19T20:43:55","modified_gmt":"2024-04-19T23:43:55","slug":"dancarina-pede-demissao-do-sbt-apos-fala-considerada-racista-de-ratinho","status":"publish","type":"post","link":"https:\/\/portalnewsgta.com.br\/index.php\/2024\/04\/19\/dancarina-pede-demissao-do-sbt-apos-fala-considerada-racista-de-ratinho\/","title":{"rendered":"Dan\u00e7arina pede demiss\u00e3o do SBT ap\u00f3s fala considerada racista de Ratinho"},"content":{"rendered":"<p>S\u00c3O PAULO, SP (FOLHAPRESS) &#8211; A dan\u00e7arina Cintia Mello disse por meio de um v\u00eddeo publicado no Instagram que pediu demiss\u00e3o do SBT ap\u00f3s ser constrangida ao vivo pelo apresentador Carlos Massa, o Ratinho, no programa que foi ao ar no dia 1\u00ba de abril. Ele foi acusado de racismo por falar do cabelo dela.<\/p>\n<div class=\"dummyPub\"><\/div>\n<p>&#8220;Eu fui orientada a me pronunciar s\u00f3 quando estivesse firme em minhas convic\u00e7\u00f5es. Eu decidi me desligar do Programa do Ratinho. Alguns dias atr\u00e1s, fui tragada por uma situa\u00e7\u00e3o que eu n\u00e3o escolhi passar e vou deixar bem claro aqui que tenho muito orgulho de ser uma mulher negra&#8221;, afirmou a profissional.<\/p>\n<p>O apresentador chegou a falar que o cabelo dela era uma peruca e sugeriu que ela tivesse piolho.<\/p>\n<p>&#8220;Cintia, essa peruca sua \u00e9 a mais bonita&#8221;, disse Ratinho. &#8220;N\u00e3o \u00e9 peruca, \u00e9 o meu cabelo. Hoje \u00e9 o meu cabelo&#8221;, respondeu a dan\u00e7arina na ocasi\u00e3o. &#8220;N\u00e3o \u00e9 o seu cabelo&#8221;, insistiu o apresentador, que pediu a uma assistente que puxasse os fios da dan\u00e7arina. &#8220;Eu vi um piolhinho&#8221;, emendou o apresentador. Procurado pela Folha, Ratinho n\u00e3o respondeu. J\u00e1 o SBT n\u00e3o quis se pronunciar.<\/p>\n<p>A dan\u00e7arina falou em v\u00eddeo que procurou esclarecimentos sobre o ocorrido, mas que n\u00e3o teria recebido resposta nenhuma. &#8220;Busquei explicar quais s\u00e3o os estigmas por tr\u00e1s de uma brincadeira como aquela, como acaba impactando na vida de pessoas negras, como impactou no meu cotidiano, na minha sa\u00fade mental e na minha vida profissional. Eu tinha esperan\u00e7a que algo acontecesse, uma conversa pessoalmente ou uma nota, porque o meu constrangimento foi p\u00fablico. Mas nada aconteceu&#8221;, disse.<\/p>\n<p>Mello disse ainda que passou a ser hostilizada ap\u00f3s o caso. &#8220;Recebi olhares hostis de algumas pessoas, como se eu tivesse culpa de tudo aquilo que estava acontecendo. E percebi que ningu\u00e9m se importava e que n\u00e3o era mais o meu lugar, pois eu sei distinguir muito bem gratid\u00e3o de submiss\u00e3o&#8221;.<\/p>\n<p>A dan\u00e7arina concluiu o v\u00eddeo afirmando que tomou a decis\u00e3o baseada em suas convic\u00e7\u00f5es e que quer seguir em frente.<\/p>\n<p>&#8220;Recome\u00e7os n\u00e3o s\u00e3o f\u00e1ceis, eu preciso estar forte para cuidar da minha filha. Eu sigo de cabe\u00e7a erguida e de consci\u00eancia limpa. E bola para frente&#8221;, afirmou.<\/p>\n<p>Fonte: noticiasaominuto.com.br<\/p>\n","protected":false},"excerpt":{"rendered":"<p>S\u00c3O PAULO, SP (FOLHAPRESS) &#8211; A dan\u00e7arina Cintia Mello disse por meio de um v\u00eddeo<\/p>\n","protected":false},"author":0,"featured_media":4425,"comment_status":"open","ping_status":"open","sticky":false,"template":"","format":"standard","meta":{"footnotes":""},"categories":[6],"tags":[],"aioseo_notices":[],"_links":{"self":[{"href":"https:\/\/portalnewsgta.com.br\/index.php\/wp-json\/wp\/v2\/posts\/4424"}],"collection":[{"href":"https:\/\/portalnewsgta.com.br\/index.php\/wp-json\/wp\/v2\/posts"}],"about":[{"href":"https:\/\/portalnewsgta.com.br\/index.php\/wp-json\/wp\/v2\/types\/post"}],"replies":[{"embeddable":true,"href":"https:\/\/portalnewsgta.com.br\/index.php\/wp-json\/wp\/v2\/comments?post=4424"}],"version-history":[{"count":0,"href":"https:\/\/portalnewsgta.com.br\/index.php\/wp-json\/wp\/v2\/posts\/4424\/revisions"}],"wp:featuredmedia":[{"embeddable":true,"href":"https:\/\/portalnewsgta.com.br\/index.php\/wp-json\/wp\/v2\/media\/4425"}],"wp:attachment":[{"href":"https:\/\/portalnewsgta.com.br\/index.php\/wp-json\/wp\/v2\/media?parent=4424"}],"wp:term":[{"taxonomy":"category","embeddable":true,"href":"https:\/\/portalnewsgta.com.br\/index.php\/wp-json\/wp\/v2\/categories?post=4424"},{"taxonomy":"post_tag","embeddable":true,"href":"https:\/\/portalnewsgta.com.br\/index.php\/wp-json\/wp\/v2\/tags?post=4424"}],"curies":[{"name":"wp","href":"https:\/\/api.w.org\/{rel}","templated":true}]}}