{"id":4418,"date":"2024-04-19T20:05:39","date_gmt":"2024-04-19T23:05:39","guid":{"rendered":"https:\/\/portalnewsgta.com.br\/index.php\/2024\/04\/19\/mt-cria-coordenadoria-de-inteligencia-na-pge-para-combater-crimes-tributarios\/"},"modified":"2024-04-19T20:05:39","modified_gmt":"2024-04-19T23:05:39","slug":"mt-cria-coordenadoria-de-inteligencia-na-pge-para-combater-crimes-tributarios","status":"publish","type":"post","link":"https:\/\/portalnewsgta.com.br\/index.php\/2024\/04\/19\/mt-cria-coordenadoria-de-inteligencia-na-pge-para-combater-crimes-tributarios\/","title":{"rendered":"MT cria Coordenadoria de Intelig\u00eancia na PGE para combater crimes tribut\u00e1rios"},"content":{"rendered":"<div>\n<div id=\"infocoweb\" data-uuid=\"130df166-b1bb-4e3d-ac0c-c24f7fc33c39\" class=\"infocoweb infocoweb_canal_61\">\n<div id=\"infocoweb_cabecalho\" class=\"infocoweb_cabecalho\"><\/div>\n<div id=\"infocoweb_corpo\" class=\"infocoweb_corpo\"><span class=\"ifn_post_add_feature_image_to_the_top\"><\/span><\/p>\n<div style=\"text-align: justify\">O Governo de Mato Grosso implantou a Coordenadoria de Intelig\u00eancia, vinculada \u00e0 Procuradoria Geral do Estado (PGE) e em parceria com a Pol\u00edcia Judici\u00e1ria Civil, para fortalecer as investiga\u00e7\u00f5es contra crimes tribut\u00e1rios no Estado.\u00a0<\/p>\n<p> A defini\u00e7\u00e3o da nova estrat\u00e9gia consta no Decreto de Lei Complementar N\u00ba 791, publicado em edi\u00e7\u00e3o extra do Di\u00e1rio Oficial do Estado, nessa quinta-feira (18.04). \u00a0<source><\/source><img decoding=\"async\" alt=\"\" src=\"https:\/\/www.secom.mt.gov.br\/documents\/4416107\/0\/Posse 4 Novos Procuradores PGE MT (1).jpg\/0e251f08-6306-2182-532b-523c56877e89?t=1713561595301 &amp;imageThumbnail=3\"><br \/> <span style=\"font-size:11px\">Equipe ser\u00e1 coordenada pelo procurador-geral Francisco Lopes \u2013 Foto: Secom-MT<\/span><\/p>\n<p> O procurador-geral do Estado, Francisco Lopes, explicou que a Coordenadoria surgiu de uma conversa com a Pol\u00edcia Civil, a partir de trabalhos j\u00e1 realizados em parceria com a Procuradoria-Geral para identificar contribuintes que estavam cometendo crimes contra a ordem tribut\u00e1ria.\u00a0<\/p>\n<p> \u201cA partir desses resultados positivos, a delegada-geral da Pol\u00edcia Judici\u00e1ria Civil de Mato Grosso, Daniela Maidel, nos trouxe a proposta de oficializar essa colabora\u00e7\u00e3o. Levamos a ideia ao governador Mauro Mendes, que prontamente autorizou a cria\u00e7\u00e3o da Coordenadoria. Essencialmente, ela nasce da necessidade de integrar ainda mais as informa\u00e7\u00f5es que temos sobre os contribuintes para efetivar a investiga\u00e7\u00e3o desses crimes\u201d, afirmou.<\/p>\n<p> O procurador-geral deve ocupar o cargo de coordenador-geral de Intelig\u00eancia e Recupera\u00e7\u00e3o Fiscal e deve nomear dois delegados, preferencialmente da Delegacia Fazend\u00e1ria, como subcoordenadores, sendo que um focado em apoio final\u00edstico e outro em contraintelig\u00eancia.\u00a0<br \/><source><\/source><img decoding=\"async\" alt=\"\" src=\"https:\/\/www.secom.mt.gov.br\/documents\/4416107\/0\/WhatsApp Image 2023-03-07 at 18.33.46.jpeg\/94197e70-f259-72e6-43d9-212c29afe560?t=1713561699134 &amp;imageThumbnail=3\"><br \/> <span style=\"font-size:11px\">Delegada-geral da PJC, Daniela Maidel, afirma que medida vai refor\u00e7ar investiga\u00e7\u00f5es \u2013 Foto: Michel Alvim\/Secom-MT<\/span><\/p>\n<p> \u201cA Coordenadoria deve funcionar como um eixo central para a seguran\u00e7a p\u00fablica do Estado, refor\u00e7ando o trabalho que fazemos de investiga\u00e7\u00e3o de crimes fazend\u00e1rios e representa melhoria cont\u00ednua dos mecanismos de seguran\u00e7a no Estado\u201d, afirmou a delegada-geral da Pol\u00edcia Civil.\u00a0<\/p>\n<p> A integra\u00e7\u00e3o \u00e9 outro aspecto fortalecido pelo decreto, sendo que a Coordenadoria pode formar parcerias com outras entidades governamentais para utilizar ferramentas, treinamentos e sistemas avan\u00e7ados.<\/p>\n<\/div>\n<p id=\"infocoweb_fonte\" class=\"infocoweb_fonte\">Fonte: Governo MT \u2013 MT<\/p>\n<style>#infocoweb_cabecalho {\n        display: inline-block;\n        margin-top: -75px;\n        position: absolute;\n        right: 0;\n    }\n<\/style>\n<style><\/style>\n<\/div>\n<div id=\"infocoweb_rodape\" class=\"infocoweb_rodape\"><\/div>\n<\/div>\n<p>O post MT cria Coordenadoria de Intelig\u00eancia na PGE para combater crimes tribut\u00e1rios apareceu primeiro em Portal MT.<\/p>\n<\/div>\n","protected":false},"excerpt":{"rendered":"<p>O Governo de Mato Grosso implantou a Coordenadoria de Intelig\u00eancia, vinculada \u00e0 Procuradoria Geral do<\/p>\n","protected":false},"author":2,"featured_media":4419,"comment_status":"registered_only","ping_status":"closed","sticky":false,"template":"","format":"standard","meta":{"footnotes":""},"categories":[7],"tags":[],"aioseo_notices":[],"_links":{"self":[{"href":"https:\/\/portalnewsgta.com.br\/index.php\/wp-json\/wp\/v2\/posts\/4418"}],"collection":[{"href":"https:\/\/portalnewsgta.com.br\/index.php\/wp-json\/wp\/v2\/posts"}],"about":[{"href":"https:\/\/portalnewsgta.com.br\/index.php\/wp-json\/wp\/v2\/types\/post"}],"author":[{"embeddable":true,"href":"https:\/\/portalnewsgta.com.br\/index.php\/wp-json\/wp\/v2\/users\/2"}],"replies":[{"embeddable":true,"href":"https:\/\/portalnewsgta.com.br\/index.php\/wp-json\/wp\/v2\/comments?post=4418"}],"version-history":[{"count":0,"href":"https:\/\/portalnewsgta.com.br\/index.php\/wp-json\/wp\/v2\/posts\/4418\/revisions"}],"wp:featuredmedia":[{"embeddable":true,"href":"https:\/\/portalnewsgta.com.br\/index.php\/wp-json\/wp\/v2\/media\/4419"}],"wp:attachment":[{"href":"https:\/\/portalnewsgta.com.br\/index.php\/wp-json\/wp\/v2\/media?parent=4418"}],"wp:term":[{"taxonomy":"category","embeddable":true,"href":"https:\/\/portalnewsgta.com.br\/index.php\/wp-json\/wp\/v2\/categories?post=4418"},{"taxonomy":"post_tag","embeddable":true,"href":"https:\/\/portalnewsgta.com.br\/index.php\/wp-json\/wp\/v2\/tags?post=4418"}],"curies":[{"name":"wp","href":"https:\/\/api.w.org\/{rel}","templated":true}]}}