{"id":4416,"date":"2024-04-19T20:05:36","date_gmt":"2024-04-19T23:05:36","guid":{"rendered":"https:\/\/portalnewsgta.com.br\/index.php\/2024\/04\/19\/fiscalizacao-da-sema-apreende-madeira-e-trator-usado-para-desmatamento-ilegal-em-marcelandia\/"},"modified":"2024-04-19T20:05:36","modified_gmt":"2024-04-19T23:05:36","slug":"fiscalizacao-da-sema-apreende-madeira-e-trator-usado-para-desmatamento-ilegal-em-marcelandia","status":"publish","type":"post","link":"https:\/\/portalnewsgta.com.br\/index.php\/2024\/04\/19\/fiscalizacao-da-sema-apreende-madeira-e-trator-usado-para-desmatamento-ilegal-em-marcelandia\/","title":{"rendered":"Fiscaliza\u00e7\u00e3o da Sema apreende madeira e trator usado para desmatamento ilegal em Marcel\u00e2ndia"},"content":{"rendered":"<div>\n<div id=\"infocoweb\" data-uuid=\"ae287037-0a6b-48a2-a67e-8387dae793d4\" class=\"infocoweb infocoweb_canal_61\">\n<div id=\"infocoweb_cabecalho\" class=\"infocoweb_cabecalho\"><\/div>\n<div id=\"infocoweb_corpo\" class=\"infocoweb_corpo\"><span class=\"ifn_post_add_feature_image_to_the_top\"><\/span><\/p>\n<div style=\"text-align: justify\">A Diretoria de Unidade Desconcentrada da Secretaria de Estado de Meio Ambiente em Guarant\u00e3 do Norte, em parceria com Pol\u00edcia Judici\u00e1ria Civil, apreendeu madeira oriunda de desmatamento ilegal e um trator de l\u00e2mina na regi\u00e3o de Anal\u00e2ndia do Norte, distrito de Marcel\u00e2ndia.<\/p>\n<p> Ap\u00f3s recebimento de den\u00fancia na linha verde do Ibama, uma equipe de fiscaliza\u00e7\u00e3o da Sema e PJC flagrou a explora\u00e7\u00e3o seletiva de ita\u00fabas durante a Opera\u00e7\u00e3o Amaz\u00f4nia, realizada na regi\u00e3o nesta semana.<\/p>\n<p> Na a\u00e7\u00e3o, os agentes constataram a exist\u00eancia de uma estrutura organizada para a pr\u00e1tica de crimes ambientais, contando com um acampamento completo e estruturado na \u00e1rea de mata.<\/p>\n<p> Foram apreendidos, aproximadamente 600, lascas de ita\u00faba, um trator CBT e diversos petrechos utilizados para a pr\u00e1tica criminosa, como ganchos, correntes e ferramentas.<\/p>\n<p> O acampamento foi completamente inutilizado. As multas ainda est\u00e3o sendo calculadas pelos agentes ambientais.<source><img decoding=\"async\" alt=\"\" src=\"https:\/\/www.secom.mt.gov.br\/documents\/21013\/64752216\/foto.jpg\/02a7baa8-038d-69fa-b939-600555a67764?t=1713558130490 &amp;imageThumbnail=3\"><\/source><\/p>\n<p> <strong>Opera\u00e7\u00e3o Amaz\u00f4nia<\/strong><\/p>\n<p> A Opera\u00e7\u00e3o Amaz\u00f4nia foi colocada em pr\u00e1tica por \u00f3rg\u00e3os estaduais e federais, sob a coordena\u00e7\u00e3o da Sema. Desde o in\u00edcio da gest\u00e3o, os investimentos para a\u00e7\u00f5es de combate ao desmatamento e inc\u00eandios florestais somais mais de R$ 240 milh\u00f5es.<\/p>\n<p> As equipes t\u00eam como aux\u00edlio equipamentos de monitoramento em tempo real por sat\u00e9lite de todo o territ\u00f3rio de Mato Grosso e mant\u00eam fiscaliza\u00e7\u00e3o cont\u00ednua no local onde \u00e9 identificado o crime ambiental.<\/p>\n<p> A ferramenta, contratada pelo programa REM, age de forma preventiva, minimiza os danos, aumenta a celeridade na resposta, facilita a responsabiliza\u00e7\u00e3o e permite o embargo da \u00e1rea de forma imediata por meio do monitoramento di\u00e1rio e alertas semanais de desmatamento.<\/p>\n<p> Os agentes tamb\u00e9m apreendem e removem m\u00e1quinas flagradas em uso para o crime, efetivando a responsabiliza\u00e7\u00e3o, j\u00e1 que a apreens\u00e3o de bens promove a descapitaliza\u00e7\u00e3o do infrator.<\/p>\n<p> <strong>Den\u00fancias<\/strong><\/p>\n<p> Os crimes ambientais devem ser denunciados \u00e0 Ouvidoria Setorial da Secretaria de Estado de Meio Ambiente pelo 0800 065 3838, pelo aplicativo MT Cidad\u00e3o ou em uma das regionais da Sema.<\/p>\n<p> Quem se deparar com um crime ambiental tamb\u00e9m pode denunciar \u00e0 Pol\u00edcia Militar, pelo 190.<span style=\"font-size:11pt\"><span style=\"line-height:107%\"><span style=\"font-family:Calibri,sans-serif\"><\/span><\/span><\/span><\/p>\n<\/div>\n<p id=\"infocoweb_fonte\" class=\"infocoweb_fonte\">Fonte: Governo MT \u2013 MT<\/p>\n<style>#infocoweb_cabecalho {\n        display: inline-block;\n        margin-top: -75px;\n        position: absolute;\n        right: 0;\n    }\n<\/style>\n<style><\/style>\n<\/div>\n<div id=\"infocoweb_rodape\" class=\"infocoweb_rodape\"><\/div>\n<\/div>\n<p>O post Fiscaliza\u00e7\u00e3o da Sema apreende madeira e trator usado para desmatamento ilegal em Marcel\u00e2ndia apareceu primeiro em Portal MT.<\/p>\n<\/div>\n","protected":false},"excerpt":{"rendered":"<p>A Diretoria de Unidade Desconcentrada da Secretaria de Estado de Meio Ambiente em Guarant\u00e3 do<\/p>\n","protected":false},"author":2,"featured_media":4417,"comment_status":"registered_only","ping_status":"closed","sticky":false,"template":"","format":"standard","meta":{"footnotes":""},"categories":[7],"tags":[],"aioseo_notices":[],"_links":{"self":[{"href":"https:\/\/portalnewsgta.com.br\/index.php\/wp-json\/wp\/v2\/posts\/4416"}],"collection":[{"href":"https:\/\/portalnewsgta.com.br\/index.php\/wp-json\/wp\/v2\/posts"}],"about":[{"href":"https:\/\/portalnewsgta.com.br\/index.php\/wp-json\/wp\/v2\/types\/post"}],"author":[{"embeddable":true,"href":"https:\/\/portalnewsgta.com.br\/index.php\/wp-json\/wp\/v2\/users\/2"}],"replies":[{"embeddable":true,"href":"https:\/\/portalnewsgta.com.br\/index.php\/wp-json\/wp\/v2\/comments?post=4416"}],"version-history":[{"count":0,"href":"https:\/\/portalnewsgta.com.br\/index.php\/wp-json\/wp\/v2\/posts\/4416\/revisions"}],"wp:featuredmedia":[{"embeddable":true,"href":"https:\/\/portalnewsgta.com.br\/index.php\/wp-json\/wp\/v2\/media\/4417"}],"wp:attachment":[{"href":"https:\/\/portalnewsgta.com.br\/index.php\/wp-json\/wp\/v2\/media?parent=4416"}],"wp:term":[{"taxonomy":"category","embeddable":true,"href":"https:\/\/portalnewsgta.com.br\/index.php\/wp-json\/wp\/v2\/categories?post=4416"},{"taxonomy":"post_tag","embeddable":true,"href":"https:\/\/portalnewsgta.com.br\/index.php\/wp-json\/wp\/v2\/tags?post=4416"}],"curies":[{"name":"wp","href":"https:\/\/api.w.org\/{rel}","templated":true}]}}