{"id":43611,"date":"2025-01-25T12:21:30","date_gmt":"2025-01-25T15:21:30","guid":{"rendered":"https:\/\/portalnewsgta.com.br\/?p=43611"},"modified":"2025-01-25T12:21:30","modified_gmt":"2025-01-25T15:21:30","slug":"deputado-nelson-barbudo-cobra-pena-de-morte-no-brasil","status":"publish","type":"post","link":"https:\/\/portalnewsgta.com.br\/index.php\/2025\/01\/25\/deputado-nelson-barbudo-cobra-pena-de-morte-no-brasil\/","title":{"rendered":"Deputado Nelson Barbudo cobra pena de morte no Brasil"},"content":{"rendered":"<div class=\"col-xs-12 col-sm-12 col-md-12 col-lg-12 mb10\">\n<div class=\"row\">\n<div class=\"col-xs-12 col-sm-12 col-md-12 col-lg-12 mb15\">\n<div class=\"row\">\n<div class=\"col-xs-12 col-sm-11 col-md-11 col-lg-11 autorer\"><span class=\"autores_fontes_nome\">B\u00e1rbara S\u00e1<\/span><\/p>\n<p class=\"autores_fontes_email\">redacao@gazetadigital.com.br<\/p>\n<\/div>\n<\/div>\n<\/div>\n<\/div>\n<\/div>\n<div class=\"col-xs-12 col-sm-12 col-md-12 col-lg-12 mb30\">\n<p class=\"credito-1\">Chico Ferreira<\/p>\n<p><span class=\"img-conteudo pull-left\"><a href=\"https:\/\/www.gazetadigital.com.br\/storage\/webdisco\/2024\/11\/25\/1200x900\/81ebeb9a385c9a3cc6bf7a707182269a.jpg\" data-fancybox=\"gallery\" data-caption=\"Chico Ferreira \"><img decoding=\"async\" src=\"https:\/\/www.gazetadigital.com.br\/storage\/webdisco\/2024\/11\/25\/431x285\/81ebeb9a385c9a3cc6bf7a707182269a.jpg\" alt=\"Chico Ferreira \" \/><\/a><\/span><\/p>\n<p class=\"img-conteudo-desc\">\n<div id=\"text-content\" class=\"mb20\">\n<p>O deputado federal Nelson Barbudo (PL) retomou o debate sobre a reforma do C\u00f3digo Penal ao defender, em entrevista ao Jornal do Meio Dia da TV Vila Real na quarta-feira (22), a pena de morte, comparando a legisla\u00e7\u00e3o brasileira \u00e0 dos Estados Unidos. Ele sugeriu que a falta de mudan\u00e7as pode estar ligada \u00e0 presen\u00e7a de parlamentares com poss\u00edveis v\u00ednculos com fac\u00e7\u00f5es criminosas.<\/p>\n<p>&nbsp;<\/p>\n<p>N\u00e3o estou aqui dando nomes. Mas sabemos que, em todos os lugares, h\u00e1 gente que faz parte. Aqui em Cuiab\u00e1, nas elei\u00e7\u00f5es passadas, foi dito que houve apoiadores do crime organizado. L\u00e1 na C\u00e2mara dos Deputados, com certeza tamb\u00e9m tem gente que est\u00e1 l\u00e1 por causa das fac\u00e7\u00f5es. Ent\u00e3o acho que \u00e9 por isso que [o C\u00f3digo Penal] n\u00e3o muda, afirmou Barbudo.<\/p>\n<p>&nbsp;<\/p>\n<p>O deputado defendeu uma reforma urgente do C\u00f3digo Penal, destacando que, se dependesse dele, a moderniza\u00e7\u00e3o seria feita em seis meses. Hoje, advogados e policiais militares est\u00e3o enxugando gelo. Eu sou totalmente favor\u00e1vel \u00e0 mudan\u00e7a e fico horrorizado porque a C\u00e2mara e o Senado n\u00e3o fazem isso.<\/p>\n<p>&nbsp;<\/p>\n<p>Sobre a castra\u00e7\u00e3o qu\u00edmica, Barbudo criticou a sinaliza\u00e7\u00e3o do governo federal de vetar o projeto. Para ele, a medida iria contra a vontade popular. N\u00e3o h\u00e1 justificativa para o veto. O governo est\u00e1 do lado do criminoso ou do cidad\u00e3o de bem? Ele precisa respeitar a vontade do povo. N\u00f3s aprovamos a lei.<\/p>\n<p>&nbsp;<\/p>\n<p><strong>Emendas<\/strong><\/p>\n<p>Barbudo tamb\u00e9m se mostrou indignado com o bloqueio de suas emendas de 2023, destinadas \u00e0 sa\u00fade de munic\u00edpios como Chapada dos Guimar\u00e3es, Acorizal, Santo Ant\u00f4nio e Vera. Segundo ele, o bloqueio foi injustificado. O Judici\u00e1rio tem que separar o joio do trigo. N\u00e3o tenho emendas Pix, n\u00e3o havia motivo para bloqueio, disse, referindo-se \u00e0 decis\u00e3o do ministro do STF Fl\u00e1vio Dino.<\/p>\n<\/div>\n<\/div>\n","protected":false},"excerpt":{"rendered":"<p>B\u00e1rbara S\u00e1 redacao@gazetadigital.com.br Chico Ferreira O deputado federal Nelson Barbudo (PL) retomou o debate sobre<\/p>\n","protected":false},"author":2,"featured_media":43612,"comment_status":"open","ping_status":"open","sticky":false,"template":"","format":"standard","meta":{"footnotes":""},"categories":[13,2],"tags":[138],"aioseo_notices":[],"_links":{"self":[{"href":"https:\/\/portalnewsgta.com.br\/index.php\/wp-json\/wp\/v2\/posts\/43611"}],"collection":[{"href":"https:\/\/portalnewsgta.com.br\/index.php\/wp-json\/wp\/v2\/posts"}],"about":[{"href":"https:\/\/portalnewsgta.com.br\/index.php\/wp-json\/wp\/v2\/types\/post"}],"author":[{"embeddable":true,"href":"https:\/\/portalnewsgta.com.br\/index.php\/wp-json\/wp\/v2\/users\/2"}],"replies":[{"embeddable":true,"href":"https:\/\/portalnewsgta.com.br\/index.php\/wp-json\/wp\/v2\/comments?post=43611"}],"version-history":[{"count":1,"href":"https:\/\/portalnewsgta.com.br\/index.php\/wp-json\/wp\/v2\/posts\/43611\/revisions"}],"predecessor-version":[{"id":43613,"href":"https:\/\/portalnewsgta.com.br\/index.php\/wp-json\/wp\/v2\/posts\/43611\/revisions\/43613"}],"wp:featuredmedia":[{"embeddable":true,"href":"https:\/\/portalnewsgta.com.br\/index.php\/wp-json\/wp\/v2\/media\/43612"}],"wp:attachment":[{"href":"https:\/\/portalnewsgta.com.br\/index.php\/wp-json\/wp\/v2\/media?parent=43611"}],"wp:term":[{"taxonomy":"category","embeddable":true,"href":"https:\/\/portalnewsgta.com.br\/index.php\/wp-json\/wp\/v2\/categories?post=43611"},{"taxonomy":"post_tag","embeddable":true,"href":"https:\/\/portalnewsgta.com.br\/index.php\/wp-json\/wp\/v2\/tags?post=43611"}],"curies":[{"name":"wp","href":"https:\/\/api.w.org\/{rel}","templated":true}]}}