{"id":4354,"date":"2024-04-19T13:02:56","date_gmt":"2024-04-19T16:02:56","guid":{"rendered":"https:\/\/portalnewsgta.com.br\/index.php\/2024\/04\/19\/pmmt-oficializa-ingresso-de-509-militares-com-formatura-do-32o-curso-de-formacao-de-soldados\/"},"modified":"2024-04-19T13:02:56","modified_gmt":"2024-04-19T16:02:56","slug":"pmmt-oficializa-ingresso-de-509-militares-com-formatura-do-32o-curso-de-formacao-de-soldados","status":"publish","type":"post","link":"https:\/\/portalnewsgta.com.br\/index.php\/2024\/04\/19\/pmmt-oficializa-ingresso-de-509-militares-com-formatura-do-32o-curso-de-formacao-de-soldados\/","title":{"rendered":"PMMT oficializa ingresso de 509 militares com formatura do 32\u00ba Curso de Forma\u00e7\u00e3o de Soldados"},"content":{"rendered":"<div>\n<div id=\"infocoweb\" data-uuid=\"57cbe928-0ca9-48bf-b7c2-3ea589c70e4a\" class=\"infocoweb infocoweb_canal_146\">\n<div id=\"infocoweb_cabecalho\" class=\"infocoweb_cabecalho\"><\/div>\n<div id=\"infocoweb_corpo\" class=\"infocoweb_corpo\"><span class=\"ifn_post_add_feature_image_to_the_top\"><\/span><\/p>\n<p dir=\"ltr\" style=\"text-align: justify\">A Pol\u00edcia Militar de Mato Grosso realizou, na noite desta quinta-feira (18.04), a solenidade de formatura dos 509 alunos que passaram pelo 32\u00ba Curso de Forma\u00e7\u00e3o de Soldados (CFSD) da institui\u00e7\u00e3o. A cerim\u00f4nia, que reuniu mais de oito mil pessoas no Parque de Exposi\u00e7\u00f5es de Cuiab\u00e1, marcou o ingresso dos novos soldados aprovados no concurso da Seguran\u00e7a P\u00fablica de 2022 para refor\u00e7o do efetivo e policiamento em todo o Estado.<\/p>\n<p dir=\"ltr\" style=\"text-align: justify\">Durante o seu discurso, o governador Mauro Mendes parabenizou a forma\u00e7\u00e3o e promo\u00e7\u00e3o dos novos policiais militares, comemorando a nova realidade da Seguran\u00e7a P\u00fablica nunca vista antes na hist\u00f3ria de Mato Grosso, constru\u00edda a partir de muito trabalho, seriedade, efici\u00eancia e gest\u00e3o correta do dinheiro p\u00fablico.\u00a0<\/p>\n<p dir=\"ltr\" style=\"text-align: justify\">\u201cNesses \u00faltimos cinco anos caminhamos juntos para construir um dos mais belos e pr\u00f3speros Estados da na\u00e7\u00e3o brasileira. Tenho muito orgulho da trajet\u00f3ria dos \u00faltimos anos, dos in\u00fameros investimentos na Seguran\u00e7a P\u00fablica. Agora os 509 novos soldados far\u00e3o parte dessa hist\u00f3ria de servir, honrar e proteger o cidad\u00e3o mato-grossense desde o campo at\u00e9 a cidade. Meus parab\u00e9ns tamb\u00e9m aos promovidos, que com seu esfor\u00e7o e profissionalismo chegam a mais um patamar da nossa gloriosa Pol\u00edcia Militar\u201d, destacou o governador.<source><\/source><img decoding=\"async\" alt=\"\" src=\"\/documents\/2459523\/62103822\/FORMATURA GOVERNADOR josi.jpg\/dcaed8a9-c049-e711-c448-1ad386433f53?t=1713530611005 &amp;imageThumbnail=3\"><br \/> \u00a0<\/p>\n<p dir=\"ltr\" style=\"text-align: justify\">O comandante-geral da Pol\u00edcia Militar, coronel Alexandre Corr\u00eaa Mendes, tamb\u00e9m enalteceu o ingresso dos novos soldados, durante a solenidade, e afirmou que esse \u00e9 mais um passo do investimento do Governo do Estado na valoriza\u00e7\u00e3o da institui\u00e7\u00e3o.<\/p>\n<p dir=\"ltr\" style=\"text-align: justify\">\u201cCom muita alegria gostaria de parabenizar a todos os novos 509 soldados na companhia de todos os seus amigos e familiares. Hoje damos um novo passo \u00e0 valoriza\u00e7\u00e3o da vida, ordem e seguran\u00e7a p\u00fablica. Aqui est\u00e3o homens e mulheres \u00edntegros em defender a sociedade. Obrigado governador Mauro Mendes pela confian\u00e7a e conte sempre com a Pol\u00edcia Militar\u201d, refor\u00e7ou.\u00a0<source><\/source><img decoding=\"async\" alt=\"\" src=\"\/documents\/2459523\/62103822\/FORMATURA CEL MENDES sd elias.jpg\/24950962-def5-cf3d-7ad1-c41b50dc864c?t=1713530611882 &amp;imageThumbnail=3\"><br \/> \u00a0<\/p>\n<p dir=\"ltr\" style=\"text-align: justify\">O secret\u00e1rio de Seguran\u00e7a P\u00fablica de Mato Grosso, coronel PM C\u00e9sar Roveri, destacou que o ingresso dos novos policiais \u00e9 um fortalecimento do compromisso do Governo do Estado com a Pol\u00edcia Militar e toda a seguran\u00e7a de Mato Grosso.<\/p>\n<p dir=\"ltr\" style=\"text-align: justify\">\u201cIsso mostra o compromisso do governo Mauro Mendes com a popula\u00e7\u00e3o de Mato Grosso. Hoje o Estado ganha 509 novos profissionais que v\u00e3o estar em todo o Estado defendendo o cidad\u00e3o. N\u00e3o somente a inclus\u00e3o de novos policiais, mas tamb\u00e9m com equipamentos, viaturas, armamentos, a constru\u00e7\u00e3o e reformas de novas unidades da Pol\u00edcia Militar e de todas as formas de Seguran\u00e7a de Mato Grosso. Hoje \u00e9 dia de festa na Pol\u00edcia Militar, isso fortalece a institui\u00e7\u00e3o e o Governo\u201d, pontuou o secret\u00e1rio.<\/p>\n<p dir=\"ltr\" style=\"text-align: justify\">O presidente da Assembleia Legislativa, deputado estadual Eduardo Botelho, enfatizou que sempre valorizou a import\u00e2ncia de pautas de interesse da Pol\u00edcia Militar e que \u00e9 um grande aliado da Seguran\u00e7a P\u00fablica. \u201cParab\u00e9ns governador Mauro Mendes pela gest\u00e3o eficiente em Mato Grosso e parab\u00e9ns tamb\u00e9m ao coronel Mendes pelo excelente trabalho \u00e0 frente da gloriosa Pol\u00edcia Militar que traz seguran\u00e7a desde a vida no campo at\u00e9 as grandes cidades. Conte com a Assembleia Legislativa para defender o interesse das acerca da Pol\u00edcia Militar\u201d, enfatizou.<\/p>\n<p dir=\"ltr\" style=\"text-align: justify\">O 32\u00ba Curso de Forma\u00e7\u00e3o de Soldados iniciou em julho do ano passado e teve dura\u00e7\u00e3o de nove meses. Durante o per\u00edodo, os alunos foram capacitados em conhecimentos t\u00e9cnicos e pr\u00e1ticos necess\u00e1rios para exercerem a carreira militar e realizaram est\u00e1gios supervisionados com policiamento na Regi\u00e3o Metropolitana do Estado. Agora, os novos soldados se deslocam para o interior de Mato Grosso, onde exercer\u00e3o suas atividades.<source><\/source><img decoding=\"async\" alt=\"\" src=\"\/documents\/2459523\/62103822\/FORMATURA SD CALEBE josi.jpg\/1ad09b40-1d61-0445-5d37-92b119fb4529?t=1713530610529 &amp;imageThumbnail=3\"><br \/> <em>Soldado Calebe comemora com a fam\u00edlia a formatura do curso \/ Cr\u00e9dito: Josi Dias<\/em><\/p>\n<p dir=\"ltr\" style=\"text-align: justify\">Para o aluno formado e novo soldado, Calebe Miguel de Melo, a formatura do curso \u00e9 uma \u201csensa\u00e7\u00e3o de dever cumprido\u201d. O policial se prepara para refor\u00e7ar o efetivo no distrito de Conselvan, em Aripuan\u00e3, e conta que o apoio da fam\u00edlia foi fundamental para concluir essa etapa.<\/p>\n<p dir=\"ltr\" style=\"text-align: justify\">\u201cForam meses dif\u00edceis, onde sa\u00edmos do conforto para vivermos a realidade do policial militar para depois prestar um bom servi\u00e7o para a sociedade, assim como todos os 509 alunos. Daqui pra frente espero trabalhar bastante, contribuir com a sociedade, servir e proteger o cidad\u00e3o de bem. \u00c9 uma satisfa\u00e7\u00e3o muito grande e ter a fam\u00edlia junto foi muito importante e sem eles seria imposs\u00edvel concluir o curso\u201d, definiu.<\/p>\n<p dir=\"ltr\" style=\"text-align: justify\">A soldado Thayn\u00e1 Brand\u00e3o ressalta que a formatura do curso e ingresso na Pol\u00edcia Militar \u00e9 a realiza\u00e7\u00e3o de um sonho. A policial ir\u00e1 atuar no munic\u00edpio de S\u00e3o Pedro da Cipa e est\u00e1 pronta para enfrentar o novo desafio em sua vida.<\/p>\n<p dir=\"ltr\" style=\"text-align: justify\">\u201c\u00c9 um sonho realizado, pois a minha vida inteira eu quis isso e hoje estou aqui. Estou muito feliz em representar as mulheres e me sinto preparada. Aprendemos bastante coisas e estamos prontos para trabalhar e defender a popula\u00e7\u00e3o. Estou ansiosa para come\u00e7ar logo esse novo desafio\u201d, finalizou.<source><\/source><img decoding=\"async\" alt=\"\" src=\"\/documents\/2459523\/62103822\/FORMATURA SD THAYNA josi.jpg\/8a217728-4322-55bd-e60f-d80aab6b6e3f?t=1713530611449 &amp;imageThumbnail=3\"><br \/> \u00a0<\/p>\n<p dir=\"ltr\" style=\"text-align: justify\"><strong>Promo\u00e7\u00e3o de militares<\/strong><\/p>\n<p dir=\"ltr\" style=\"text-align: justify\">A solenidade, da noite desta quinta-feira (18), tamb\u00e9m marcou o fim do Curso de Adapta\u00e7\u00e3o de Oficiais M\u00e9dicos (CAOS) dos cinco m\u00e9dicos aprovados no concurso da Seguran\u00e7a P\u00fablica. Na cerim\u00f4nia, os oficiais deixam os postos de cadetes e assumem como segundo-tenentes da PMMT.<source><\/source><img decoding=\"async\" alt=\"\" src=\"\/documents\/2459523\/62103822\/FORMATURA OFICIAIS MEDICOS sd elias.jpg\/fd6c5368-3aa5-0b3a-7e07-8c500484c5d1?t=1713530609485 &amp;imageThumbnail=3\"><br \/> <em>Novos oficiais m\u00e9dicos da Pol\u00edcia Militar \/ Cr\u00e9dito: Soldado Elias\/CCSMI-PMMT<\/em><\/p>\n<p dir=\"ltr\" style=\"text-align: justify\">Al\u00e9m disso, mais 295 policiais militares foram promovidos a novos postos dentro da corpora\u00e7\u00e3o. Entre os cargos de oficiais, 30 policiais foram promovidos ao posto de capit\u00e3o e oito militares foram graduados na fun\u00e7\u00e3o de tenentes-coroneis.\u00a0<\/p>\n<p dir=\"ltr\" style=\"text-align: justify\">Entre os pra\u00e7as da corpora\u00e7\u00e3o, 43 militares se tornaram subtenentes, enquanto 134 policiais assumiram o posto de primeiro-sargento, 77 passaram \u00e0 fun\u00e7\u00e3o de segundo-sargento e quatro como terceiro-sargento, al\u00e9m disso, dois militares foram promovidos a cabo.<\/p>\n<p dir=\"ltr\" style=\"text-align: justify\">O comandante-geral da PMMT tamb\u00e9m parabenizou os novos promovidos. \u201cS\u00e3o policiais que t\u00eam grande import\u00e2ncia na institui\u00e7\u00e3o e que hoje conquistaram suas vit\u00f3rias com um novo posto na hierarquia da institui\u00e7\u00e3o, superando os desafios e as miss\u00f5es que lhes foram propostos. Parab\u00e9ns a todos e que continuem exercendo esse excelente trabalho para a sociedade\u201d, enfatizou o coronel Mendes.<\/p>\n<p dir=\"ltr\" style=\"text-align: justify\">Tamb\u00e9m estiveram presentes na solenidade os Senadores da Rep\u00fablica, Jayme Campos e Wellington Fagundes; os deputados federais, coronel Jonildo de Assis e Ab\u00edlio Brunini; o deputado estadual Elizeu Nascimento, o secret\u00e1rio-chefe de Gabinete de Governo, tenente-coronel PM Jordan Esp\u00edndola; o secret\u00e1rio de Cultura, Esporte e Lazer, Jefferson Neves; a comandante-geral adjunta da PMMT, coronel Francyanne Siqueira Chaves; o subchefe de Estado-Maior Geral da PMMT, coronel Jos\u00e9 Nildo de Oliveira; a delegada-geral da Pol\u00edcia Judici\u00e1ria Civil de Mato Grosso, Daniela Maidel; a desembargadora Maria Aparecido Ribeiro; o presidente do Sindicato Rural de Cuiab\u00e1, Celso Nogueira, entre demais autoridades.<source><\/source><img decoding=\"async\" alt=\"\" src=\"\/documents\/2459523\/62103822\/FORMATURA GERAL 1 sd elias.jpg\/611aa269-fd79-f058-9762-3d0890e1e3cd?t=1713530612289 &amp;imageThumbnail=3\"><source><\/source><img decoding=\"async\" alt=\"\" src=\"\/documents\/2459523\/62103822\/FORMATURA GERAL 2 josi.jpg\/ed211caa-8078-64c6-de5f-25630605c3fe?t=1713530610034 &amp;imageThumbnail=3\"><br \/> \u00a0<\/p>\n<p id=\"infocoweb_fonte\" class=\"infocoweb_fonte\">Fonte: PM MT \u2013 MT<\/p>\n<style>#infocoweb_cabecalho {\n        display: inline-block;\n        margin-top: -75px;\n        position: absolute;\n        right: 0;\n    }\n<\/style>\n<style><\/style>\n<\/div>\n<div id=\"infocoweb_rodape\" class=\"infocoweb_rodape\"><\/div>\n<\/div>\n<p>O post PMMT oficializa ingresso de 509 militares com formatura do 32\u00ba Curso de Forma\u00e7\u00e3o de Soldados apareceu primeiro em Portal MT.<\/p>\n<\/div>\n","protected":false},"excerpt":{"rendered":"<p>A Pol\u00edcia Militar de Mato Grosso realizou, na noite desta quinta-feira (18.04), a solenidade de<\/p>\n","protected":false},"author":2,"featured_media":0,"comment_status":"registered_only","ping_status":"closed","sticky":false,"template":"","format":"standard","meta":{"footnotes":""},"categories":[8],"tags":[],"aioseo_notices":[],"_links":{"self":[{"href":"https:\/\/portalnewsgta.com.br\/index.php\/wp-json\/wp\/v2\/posts\/4354"}],"collection":[{"href":"https:\/\/portalnewsgta.com.br\/index.php\/wp-json\/wp\/v2\/posts"}],"about":[{"href":"https:\/\/portalnewsgta.com.br\/index.php\/wp-json\/wp\/v2\/types\/post"}],"author":[{"embeddable":true,"href":"https:\/\/portalnewsgta.com.br\/index.php\/wp-json\/wp\/v2\/users\/2"}],"replies":[{"embeddable":true,"href":"https:\/\/portalnewsgta.com.br\/index.php\/wp-json\/wp\/v2\/comments?post=4354"}],"version-history":[{"count":0,"href":"https:\/\/portalnewsgta.com.br\/index.php\/wp-json\/wp\/v2\/posts\/4354\/revisions"}],"wp:attachment":[{"href":"https:\/\/portalnewsgta.com.br\/index.php\/wp-json\/wp\/v2\/media?parent=4354"}],"wp:term":[{"taxonomy":"category","embeddable":true,"href":"https:\/\/portalnewsgta.com.br\/index.php\/wp-json\/wp\/v2\/categories?post=4354"},{"taxonomy":"post_tag","embeddable":true,"href":"https:\/\/portalnewsgta.com.br\/index.php\/wp-json\/wp\/v2\/tags?post=4354"}],"curies":[{"name":"wp","href":"https:\/\/api.w.org\/{rel}","templated":true}]}}