{"id":43510,"date":"2025-01-24T16:05:27","date_gmt":"2025-01-24T19:05:27","guid":{"rendered":"https:\/\/portalnewsgta.com.br\/?p=43510"},"modified":"2025-01-24T16:08:12","modified_gmt":"2025-01-24T19:08:12","slug":"prefeitura-de-sinop-define-calendario-cultural-para-este-ano","status":"publish","type":"post","link":"https:\/\/portalnewsgta.com.br\/index.php\/2025\/01\/24\/prefeitura-de-sinop-define-calendario-cultural-para-este-ano\/","title":{"rendered":"Prefeitura de Sinop define calend\u00e1rio cultural para este ano"},"content":{"rendered":"<p>A prefeitura publicou decreto, ontem, assinado pelo prefeito Roberto Dorner (PL), instituindo o calend\u00e1rio oficial cultural para este ano, ligado \u00e0s atividades culturais desenvolvidas pela secretaria municipal de Cultura, Esporte e Turismo.<\/p>\n<p>De fevereiro a dezembro, ser\u00e3o realizados os caf\u00e9s ou saraus liter\u00e1rios e exibi\u00e7\u00e3o de filmes na Biblioteca Cont\u00eainer, localizada na Vila Mariana; os programas \u201cArte e Cultura em Movimento\u201d e \u201cCultura e Diversidade Espiritual\u201d e o\u00a0<a href=\"https:\/\/www.sonoticias.com.br\/politica\/prefeito-sanciona-lei-que-institui-domingo-na-praca-em-sinop\/\" data-type=\"link\" data-id=\"https:\/\/www.sonoticias.com.br\/politica\/prefeito-sanciona-lei-que-institui-domingo-na-praca-em-sinop\/\">\u201cDomingo na Pra\u00e7a\u201d, sancionado em dezembro do ano passado<\/a>.<\/p>\n<p>De mar\u00e7o a dezembro, ser\u00e1 realizado o \u201cEntardecer Cultural\u201d, no Jardim Bot\u00e2nico e outros locais n\u00e3o informados, e o \u201cCinema no Bairro\u201d. Ainda em mar\u00e7o, acontece o projeto \u201cTran\u00e7as que Contam Hist\u00f3rias\u201d, no centro de conviv\u00eancia da Vila Mariana, e eventos relacionados ao dia da Mulher, em 8 de mar\u00e7o, e dia do Artes\u00e3o, em 19 de mar\u00e7o.<\/p>\n<p>Para abril, est\u00e3o programados o festival Gospel; o \u201cDan\u00e7a em Movimento\u201d; o \u201cToca do Coelho\u201d, que ser\u00e1 realizado na escola de Artes, na biblioteca, no residencial Nico Bacarat e na pra\u00e7a Pioneiros, em celebra\u00e7\u00e3o \u00e0 P\u00e1scoa e o anivers\u00e1rio da biblioteca Prof\u00aa. Regina Helena Bongiovani Moscatto. J\u00e1 para maio, foram definidos o \u201cMuseu de Mem\u00f3rias\u201d, no museu municipal, e a \u201c5\u00aa edi\u00e7\u00e3o do Costela\u00e7o Social\u201d, na Par\u00f3quia S\u00e3o Crist\u00f3v\u00e3o.<\/p>\n<p>As festas juninas est\u00e3o programadas para junho e julho. Em junho, ainda ter\u00e1 o programa \u201cAposentei e N\u00e3o Parei\u201d e o festival Aviva Sinop. Em julho, a \u201cCiranda Cultural\u201d; o 4\u00ba Arrai\u00e1, no centro de Tradi\u00e7\u00f5es Nordestinas e o 3\u00ba Encontro de Mulheres Negras.<\/p>\n<p>Para agosto, foram definidos a festa agostinha e o F\u00f3rum Municipal de Cultura. J\u00e1 em setembro, ocorrer\u00e1 o Festeja Sinop, em celebra\u00e7\u00e3o aos 51 anos da capital do Nort\u00e3o. Em outubro, est\u00e1 programada a elei\u00e7\u00e3o do conselho municipal de Cultura.<\/p>\n<p>Para encerrar o ano, em novembro, est\u00e3o programados o \u201cKizomba\u201d, em celebra\u00e7\u00e3o ao dia nacional da Consci\u00eancia Negra (20) e o Aviva para Campistas. Em dezembro, acontecer\u00e1 a noite cultural na escola de Artes; o \u201cNatal dos Sonhos\u201d e a \u201cBlitz Liter\u00e1ria\u201d, ambos na pra\u00e7a da B\u00edblia e o pr\u00eamio \u201cDestaque Cultural Isaltino Carlos de Almeida \u2013 Ra\u00edzes de Sinop\u201d.<\/p>\n","protected":false},"excerpt":{"rendered":"<p>A prefeitura publicou decreto, ontem, assinado pelo prefeito Roberto Dorner (PL), instituindo o calend\u00e1rio oficial<\/p>\n","protected":false},"author":2,"featured_media":43518,"comment_status":"open","ping_status":"open","sticky":false,"template":"","format":"standard","meta":{"footnotes":""},"categories":[13,2],"tags":[],"aioseo_notices":[],"_links":{"self":[{"href":"https:\/\/portalnewsgta.com.br\/index.php\/wp-json\/wp\/v2\/posts\/43510"}],"collection":[{"href":"https:\/\/portalnewsgta.com.br\/index.php\/wp-json\/wp\/v2\/posts"}],"about":[{"href":"https:\/\/portalnewsgta.com.br\/index.php\/wp-json\/wp\/v2\/types\/post"}],"author":[{"embeddable":true,"href":"https:\/\/portalnewsgta.com.br\/index.php\/wp-json\/wp\/v2\/users\/2"}],"replies":[{"embeddable":true,"href":"https:\/\/portalnewsgta.com.br\/index.php\/wp-json\/wp\/v2\/comments?post=43510"}],"version-history":[{"count":1,"href":"https:\/\/portalnewsgta.com.br\/index.php\/wp-json\/wp\/v2\/posts\/43510\/revisions"}],"predecessor-version":[{"id":43511,"href":"https:\/\/portalnewsgta.com.br\/index.php\/wp-json\/wp\/v2\/posts\/43510\/revisions\/43511"}],"wp:featuredmedia":[{"embeddable":true,"href":"https:\/\/portalnewsgta.com.br\/index.php\/wp-json\/wp\/v2\/media\/43518"}],"wp:attachment":[{"href":"https:\/\/portalnewsgta.com.br\/index.php\/wp-json\/wp\/v2\/media?parent=43510"}],"wp:term":[{"taxonomy":"category","embeddable":true,"href":"https:\/\/portalnewsgta.com.br\/index.php\/wp-json\/wp\/v2\/categories?post=43510"},{"taxonomy":"post_tag","embeddable":true,"href":"https:\/\/portalnewsgta.com.br\/index.php\/wp-json\/wp\/v2\/tags?post=43510"}],"curies":[{"name":"wp","href":"https:\/\/api.w.org\/{rel}","templated":true}]}}