{"id":43427,"date":"2025-01-24T09:43:40","date_gmt":"2025-01-24T12:43:40","guid":{"rendered":"https:\/\/portalnewsgta.com.br\/index.php\/2025\/01\/24\/vasco-supera-o-madureira-na-estreia-do-time-principal-e-desencanta-no-carioca\/"},"modified":"2025-01-24T09:43:40","modified_gmt":"2025-01-24T12:43:40","slug":"vasco-supera-o-madureira-na-estreia-do-time-principal-e-desencanta-no-carioca","status":"publish","type":"post","link":"https:\/\/portalnewsgta.com.br\/index.php\/2025\/01\/24\/vasco-supera-o-madureira-na-estreia-do-time-principal-e-desencanta-no-carioca\/","title":{"rendered":"Vasco supera o Madureira na estreia do time principal e desencanta no Carioca"},"content":{"rendered":"<p>Com Coutinho e Vegetti titulares e F\u00e1bio Carille fazendo sua estreia no comando t\u00e9cnico, o Vasco colocou seu time principal em campo pela primeira vez na temporada. Mais qualificada, a equipe de S\u00e3o Janu\u00e1rio desencantou na Ta\u00e7a Guanabara ao derrotar o Madureira, por 2 a 0, nesta quinta-feira, na Arena da Amaz\u00f4nia, em Manaus, pela quarta rodada. O astro franc\u00eas Payet entrou somente aos 30 minutos do segundo tempo.<\/p>\n<div class=\"dummyPub\">\u00a0<\/div>\n<p>At\u00e9 ent\u00e3o com um time misto, sem as principais pe\u00e7as, o Vasco empatou tr\u00eas jogos (Nova Igua\u00e7u, Bangu e Boavista). Com gols de Paulinho e Vegetti, o time se manteve invicto no estadual e chegou a seis pontos, ocupando a quinta coloca\u00e7\u00e3o. J\u00e1 o Madureira \u00e9 o 10\u00ba, com quatro.<\/p>\n<p>O primeiro tempo foi animador para o torcedor do Vasco. O time principal mostrou poder de decis\u00e3o e controle da partida. Mesmo encarando um Madureira muito defensivo, soube rodar a bola, flutuar entre as linhas e encontrar espa\u00e7os. Piton teve uma chance de ouro, livre de marca\u00e7\u00e3o, mas isolou.<\/p>\n<p>Marcando press\u00e3o, Tch\u00ea Tch\u00ea interceptou o passe e serviu Paulinho, que bateu por debaixo das pernas do goleiro para abrir o placar, aos 21 minutos. Na reta final, o Vasco sentiu a parte f\u00edsica e o Madureira conseguiu equilibrar as a\u00e7\u00f5es. Arriscando de longe, levou perigo em chute de Marcelo, que raspou a trave.<\/p>\n<p>Na segunda etapa, o panorama pouco se alterou em rela\u00e7\u00e3o ao fim do primeiro tempo. O Vasco n\u00e3o conseguia ter aquele \u00edmpeto inicial e ficou ref\u00e9m de jogadas individuais de Coutinho. O camisa 11 deixou Vegetti na cara do gol, mas o atacante demorou para finalizar. O Madureira tampouco aproveitou as chances.<\/p>\n<p>O jogo s\u00f3 foi ganhar emo\u00e7\u00e3o e levantar a torcida quando Payet entrou. Cheio de g\u00e1s, o franc\u00eas entrou dando trabalho para a defesa advers\u00e1ria, por\u00e9m n\u00e3o conseguiu deixar sua assinatura na partida. Na reta final, o Vasco abaixou as linhas e no contra-ataque sacramentou a vit\u00f3ria com gol de cabe\u00e7a de Vegetti.<\/p>\n<p>O Vasco volta a campo no domingo, na estreia dos titulares em S\u00e3o Janu\u00e1rio, diante da Portuguesa, \u00e0s 21h. Mais cedo, \u00e0s 16h, o Madureira encara o Fluminense, no est\u00e1dio Kl\u00e9ber Andrade.<\/p>\n<p>FICHA T\u00c9CNICA<\/p>\n<p>VASCO 2 X 0 MADUREIRA<\/p>\n<p>VASCO &#8211; L\u00e9o Jardim; Paulo Henrique, Jo\u00e3o Victor, Oliveira e Lucas Piton; Jair, Tch\u00ea Tch\u00ea (Hugo Moura), Paulinho (Mateus Carvalho) e Philippe Coutinho (Payet); Alex Teixeira (Maxime Dom\u00ednguez) e Vegetti. T\u00e9cnico: F\u00e1bio Carille.<\/p>\n<p>MADUREIRA &#8211; Mota; Celsinho, Arthur (Wellington Zar\u00fa), Jean e Caio Felipe; Matheus Lira (Lucas Para\u00edba), Wagninho, Wallace (Jefferson) e Marcelo; Gustavo Coutinho (Minho) e Fl\u00e1vio Souza (Renato Henrique). T\u00e9cnico: Daniel Neri.<\/p>\n<p>GOLS &#8211; Paulinho, aos 18 minutos do primeiro tempo; Vegetti, aos 50 do segundo.<\/p>\n<p>CART\u00d5ES AMARELOS &#8211; Paulinho, L\u00e9o Jardim e Jair (Vasco); Marcelo e Minho (Madureira).<\/p>\n<p>\u00c1RBITRO &#8211; J\u00falio C\u00e9sar de Oliveira.<\/p>\n<p>RENDA &#8211; N\u00e3o divulgada.<\/p>\n<p>P\u00daBLICO &#8211; 17.240 presentes.<\/p>\n<p>LOCAL &#8211; Arena da Amaz\u00f4nia, em Manaus (AM).<\/p>\n<p>Leia Tamb\u00e9m: <a href=\"https:\/\/www.noticiasaominuto.com.br\/esporte\/2253525\/fluminense-define-local-que-sera-usado-como-base-no-mundial-de-clubes\" target=\"_blank\" rel=\"noopener\">Fluminense define local que ser\u00e1 usado como base no Mundial de Clubes<\/a><\/p>\n<p>Fonte: noticiasaominuto.com.br<\/p>\n","protected":false},"excerpt":{"rendered":"<p>Com Coutinho e Vegetti titulares e F\u00e1bio Carille fazendo sua estreia no comando t\u00e9cnico, o<\/p>\n","protected":false},"author":0,"featured_media":43428,"comment_status":"open","ping_status":"open","sticky":false,"template":"","format":"standard","meta":{"footnotes":""},"categories":[4],"tags":[],"aioseo_notices":[],"_links":{"self":[{"href":"https:\/\/portalnewsgta.com.br\/index.php\/wp-json\/wp\/v2\/posts\/43427"}],"collection":[{"href":"https:\/\/portalnewsgta.com.br\/index.php\/wp-json\/wp\/v2\/posts"}],"about":[{"href":"https:\/\/portalnewsgta.com.br\/index.php\/wp-json\/wp\/v2\/types\/post"}],"replies":[{"embeddable":true,"href":"https:\/\/portalnewsgta.com.br\/index.php\/wp-json\/wp\/v2\/comments?post=43427"}],"version-history":[{"count":0,"href":"https:\/\/portalnewsgta.com.br\/index.php\/wp-json\/wp\/v2\/posts\/43427\/revisions"}],"wp:featuredmedia":[{"embeddable":true,"href":"https:\/\/portalnewsgta.com.br\/index.php\/wp-json\/wp\/v2\/media\/43428"}],"wp:attachment":[{"href":"https:\/\/portalnewsgta.com.br\/index.php\/wp-json\/wp\/v2\/media?parent=43427"}],"wp:term":[{"taxonomy":"category","embeddable":true,"href":"https:\/\/portalnewsgta.com.br\/index.php\/wp-json\/wp\/v2\/categories?post=43427"},{"taxonomy":"post_tag","embeddable":true,"href":"https:\/\/portalnewsgta.com.br\/index.php\/wp-json\/wp\/v2\/tags?post=43427"}],"curies":[{"name":"wp","href":"https:\/\/api.w.org\/{rel}","templated":true}]}}