{"id":43409,"date":"2025-01-24T06:43:29","date_gmt":"2025-01-24T09:43:29","guid":{"rendered":"https:\/\/portalnewsgta.com.br\/index.php\/2025\/01\/24\/mariah-carey-celebra-indicacao-de-fernanda-torres-ao-oscar-parabens\/"},"modified":"2025-01-24T06:43:29","modified_gmt":"2025-01-24T09:43:29","slug":"mariah-carey-celebra-indicacao-de-fernanda-torres-ao-oscar-parabens","status":"publish","type":"post","link":"https:\/\/portalnewsgta.com.br\/index.php\/2025\/01\/24\/mariah-carey-celebra-indicacao-de-fernanda-torres-ao-oscar-parabens\/","title":{"rendered":"Mariah Carey celebra indica\u00e7\u00e3o de Fernanda Torres ao Oscar: &#8220;Parab\u00e9ns&#8221;"},"content":{"rendered":"<p>Mariah Carey, que j\u00e1 expressou seu carinho pelo Brasil em diversas ocasi\u00f5es, comemorou a indica\u00e7\u00e3o de Fernanda Torres ao Oscar na categoria de Melhor Atriz. Em uma publica\u00e7\u00e3o no Instagram, a cantora parabenizou a brasileira de maneira especial, escrevendo &#8220;Parab\u00e9ns&#8221; em portugu\u00eas e marcando o perfil da atriz na rede social.<\/p>\n<div class=\"dummyPub\">\u00a0<\/div>\n<p>A rela\u00e7\u00e3o de Mariah com o p\u00fablico brasileiro \u00e9 marcada por momentos de afeto m\u00fatuo. Durante sua apresenta\u00e7\u00e3o no Rock in Rio no ano passado, a cantora n\u00e3o apenas entregou um show memor\u00e1vel, como tamb\u00e9m explorou a cultura local. Conheceu o Cristo Redentor, experimentou feij\u00e3o com arroz e declarou-se &#8220;obcecada&#8221; pelo Rio de Janeiro. Na ocasi\u00e3o, ela tamb\u00e9m se encontrou com Anitta, consolidando ainda mais sua admira\u00e7\u00e3o pelo pa\u00eds.<\/p>\n<p><span>  <\/span><span>[Legenda]<\/span><span>\u00a9 Reprodu\u00e7\u00e3o- Instagram<\/span> \u00a0<\/p>\n<p>Aos 55 anos, Mariah Carey nasceu nos Estados Unidos, mas carrega ra\u00edzes latinas e irlandesas. Seu av\u00f4 paterno, Francisco Nu\u00f1ez, era um imigrante venezuelano que, ao chegar aos EUA, decidiu mudar o sobrenome para Carey, buscando evitar preconceitos, pr\u00e1tica comum na \u00e9poca. J\u00e1 sua m\u00e3e descende de irlandeses, o que completa a mistura de origens que comp\u00f5em a artista.<\/p>\n<p>A cerim\u00f4nia do Oscar est\u00e1 marcada para o dia 2 de mar\u00e7o e marca um momento hist\u00f3rico para o Brasil. Fernanda Torres \u00e9 a primeira atriz brasileira a ser indicada na categoria de Melhor Atriz. Al\u00e9m disso, o filme &#8220;Ainda Estou Aqui&#8221;, que tem a atriz no papel principal, concorre nas categorias de Melhor Filme e Melhor Filme Internacional.<\/p>\n<p>Leia Tamb\u00e9m: <a href=\"https:\/\/www.noticiasaominuto.com.br\/celebridades\/2253547\/5-fernanda-torres-bate-4-milhoes-de-seguidores-apos-indicacao-ao-oscar\" target=\"_blank\" rel=\"noopener\">Fernanda Torres bate 4 milh\u00f5es de seguidores ap\u00f3s indica\u00e7\u00e3o ao Oscar<\/a><\/p>\n<p>Fonte: noticiasaominuto.com.br<\/p>\n","protected":false},"excerpt":{"rendered":"<p>Mariah Carey, que j\u00e1 expressou seu carinho pelo Brasil em diversas ocasi\u00f5es, comemorou a indica\u00e7\u00e3o<\/p>\n","protected":false},"author":0,"featured_media":43410,"comment_status":"open","ping_status":"open","sticky":false,"template":"","format":"standard","meta":{"footnotes":""},"categories":[6],"tags":[],"aioseo_notices":[],"_links":{"self":[{"href":"https:\/\/portalnewsgta.com.br\/index.php\/wp-json\/wp\/v2\/posts\/43409"}],"collection":[{"href":"https:\/\/portalnewsgta.com.br\/index.php\/wp-json\/wp\/v2\/posts"}],"about":[{"href":"https:\/\/portalnewsgta.com.br\/index.php\/wp-json\/wp\/v2\/types\/post"}],"replies":[{"embeddable":true,"href":"https:\/\/portalnewsgta.com.br\/index.php\/wp-json\/wp\/v2\/comments?post=43409"}],"version-history":[{"count":0,"href":"https:\/\/portalnewsgta.com.br\/index.php\/wp-json\/wp\/v2\/posts\/43409\/revisions"}],"wp:featuredmedia":[{"embeddable":true,"href":"https:\/\/portalnewsgta.com.br\/index.php\/wp-json\/wp\/v2\/media\/43410"}],"wp:attachment":[{"href":"https:\/\/portalnewsgta.com.br\/index.php\/wp-json\/wp\/v2\/media?parent=43409"}],"wp:term":[{"taxonomy":"category","embeddable":true,"href":"https:\/\/portalnewsgta.com.br\/index.php\/wp-json\/wp\/v2\/categories?post=43409"},{"taxonomy":"post_tag","embeddable":true,"href":"https:\/\/portalnewsgta.com.br\/index.php\/wp-json\/wp\/v2\/tags?post=43409"}],"curies":[{"name":"wp","href":"https:\/\/api.w.org\/{rel}","templated":true}]}}