{"id":42753,"date":"2025-01-17T16:52:10","date_gmt":"2025-01-17T19:52:10","guid":{"rendered":"https:\/\/portalnewsgta.com.br\/?p=42753"},"modified":"2025-01-17T16:52:10","modified_gmt":"2025-01-17T19:52:10","slug":"cuidar-da-saude-mental-e-fundamental-para-uma-vida-mais-equilibrada-e-plena","status":"publish","type":"post","link":"https:\/\/portalnewsgta.com.br\/index.php\/2025\/01\/17\/cuidar-da-saude-mental-e-fundamental-para-uma-vida-mais-equilibrada-e-plena\/","title":{"rendered":"Cuidar da sa\u00fade mental \u00e9 fundamental para uma vida mais equilibrada e plena"},"content":{"rendered":"<p>O Janeiro Branco \u00e9 uma campanha dedicada \u00e0 conscientiza\u00e7\u00e3o sobre a import\u00e2ncia da sa\u00fade mental e emocional. Ele surge como um convite para refletirmos sobre nossos sentimentos, pensamentos e comportamentos, promovendo o cuidado com a mente de forma t\u00e3o priorit\u00e1ria quanto o cuidado com o corpo. Neste m\u00eas, destaca-se a necessidade de romper tabus, buscar ajuda profissional quando necess\u00e1rio e adotar pr\u00e1ticas que favore\u00e7am o bem-estar, como a medita\u00e7\u00e3o, a atividade f\u00edsica e o fortalecimento dos la\u00e7os sociais. Cuidar da sa\u00fade mental \u00e9 fundamental para uma vida mais equilibrada e plena.<\/p>\n<div style=\"width: 640px;\" class=\"wp-video\"><!--[if lt IE 9]><script>document.createElement('video');<\/script><![endif]-->\n<video class=\"wp-video-shortcode\" id=\"video-42753-1\" width=\"640\" height=\"1138\" preload=\"metadata\" controls=\"controls\"><source type=\"video\/mp4\" src=\"https:\/\/portalnewsgta.com.br\/wp-content\/uploads\/2025\/01\/WhatsApp-Video-2025-01-17-at-15.41.29.mp4?_=1\" \/><a href=\"https:\/\/portalnewsgta.com.br\/wp-content\/uploads\/2025\/01\/WhatsApp-Video-2025-01-17-at-15.41.29.mp4\">https:\/\/portalnewsgta.com.br\/wp-content\/uploads\/2025\/01\/WhatsApp-Video-2025-01-17-at-15.41.29.mp4<\/a><\/video><\/div>\n","protected":false},"excerpt":{"rendered":"<p>O Janeiro Branco \u00e9 uma campanha dedicada \u00e0 conscientiza\u00e7\u00e3o sobre a import\u00e2ncia da sa\u00fade mental<\/p>\n","protected":false},"author":2,"featured_media":42755,"comment_status":"open","ping_status":"open","sticky":false,"template":"","format":"standard","meta":{"footnotes":""},"categories":[7,13],"tags":[],"aioseo_notices":[],"_links":{"self":[{"href":"https:\/\/portalnewsgta.com.br\/index.php\/wp-json\/wp\/v2\/posts\/42753"}],"collection":[{"href":"https:\/\/portalnewsgta.com.br\/index.php\/wp-json\/wp\/v2\/posts"}],"about":[{"href":"https:\/\/portalnewsgta.com.br\/index.php\/wp-json\/wp\/v2\/types\/post"}],"author":[{"embeddable":true,"href":"https:\/\/portalnewsgta.com.br\/index.php\/wp-json\/wp\/v2\/users\/2"}],"replies":[{"embeddable":true,"href":"https:\/\/portalnewsgta.com.br\/index.php\/wp-json\/wp\/v2\/comments?post=42753"}],"version-history":[{"count":1,"href":"https:\/\/portalnewsgta.com.br\/index.php\/wp-json\/wp\/v2\/posts\/42753\/revisions"}],"predecessor-version":[{"id":42756,"href":"https:\/\/portalnewsgta.com.br\/index.php\/wp-json\/wp\/v2\/posts\/42753\/revisions\/42756"}],"wp:featuredmedia":[{"embeddable":true,"href":"https:\/\/portalnewsgta.com.br\/index.php\/wp-json\/wp\/v2\/media\/42755"}],"wp:attachment":[{"href":"https:\/\/portalnewsgta.com.br\/index.php\/wp-json\/wp\/v2\/media?parent=42753"}],"wp:term":[{"taxonomy":"category","embeddable":true,"href":"https:\/\/portalnewsgta.com.br\/index.php\/wp-json\/wp\/v2\/categories?post=42753"},{"taxonomy":"post_tag","embeddable":true,"href":"https:\/\/portalnewsgta.com.br\/index.php\/wp-json\/wp\/v2\/tags?post=42753"}],"curies":[{"name":"wp","href":"https:\/\/api.w.org\/{rel}","templated":true}]}}