{"id":42717,"date":"2025-01-17T10:12:34","date_gmt":"2025-01-17T13:12:34","guid":{"rendered":"https:\/\/portalnewsgta.com.br\/?p=42717"},"modified":"2025-01-17T10:12:34","modified_gmt":"2025-01-17T13:12:34","slug":"moraes-nega-autorizacao-para-bolsonaro-ir-a-posse-de-trump","status":"publish","type":"post","link":"https:\/\/portalnewsgta.com.br\/index.php\/2025\/01\/17\/moraes-nega-autorizacao-para-bolsonaro-ir-a-posse-de-trump\/","title":{"rendered":"Moraes nega autoriza\u00e7\u00e3o para Bolsonaro ir \u00e0 posse de Trump"},"content":{"rendered":"<section class=\"FullLine\">\n<div class=\"conteudo\">\n<h3>Documento est\u00e1 retido em decorr\u00eancia das investiga\u00e7\u00f5es das quais ex-presidente \u00e9 alvo<\/h3>\n<\/div>\n<\/section>\n<section>\n<div class=\"FullLine\">\n<div class=\"conteudo_foto\">\n<div class=\"imgcontent\">\n<p class=\"credito_foto\">Victor Ostetti\/MidiaNews<\/p>\n<p class=\"descricao_foto\">Ministro Alexandre de Moraes, que negou pedido de Jair Bolsonaro (PL)<\/p>\n<\/div>\n<\/div>\n<div class=\"Font14Bold\">CONSTAN\u00c7A REZENDE<br \/>\nDA FOLHAPRESS<\/div>\n<div id=\"texto\" class=\"texto\">\n<p>O ministro Alexandre de Moraes, do STF (Supremo Tribunal Federal), negou o pedido feito pelo ex-presidente Jair Bolsonaro (PL) para viajar aos Estados Unidos para a posse de Donald Trump.<\/p>\n<p>&nbsp;<\/p>\n<p>Na quarta-feira (15), o procurador-geral da Rep\u00fablica, Paulo Gonet, havia se manifestado contra o pedido, com o argumento de que n\u00e3o foi demonstrada &#8220;necessidade b\u00e1sica, urgente e indeclin\u00e1vel&#8221; de o ex-presidente sair do pa\u00eds.<\/p>\n<p>&nbsp;<\/p>\n<p>Al\u00e9m disso, Gonet afirmou que Bolsonaro n\u00e3o apresentou &#8220;fundamento de especial relevo que supere o elevado valor de interesse p\u00fablico que motiva a medida cautelar em vigor&#8221; e que a viagem desejada &#8220;pretende satisfazer interesse privado&#8221; e n\u00e3o se mostra imprescind\u00edvel.<\/p>\n<p>&nbsp;<\/p>\n<p>O procurador-geral tamb\u00e9m afirmou que Bolsonaro n\u00e3o exerce fun\u00e7\u00e3o que confira status de representa\u00e7\u00e3o oficial do Brasil \u00e0 sua presen\u00e7a na cerim\u00f4nia oficial nos Estados Unidos.<\/p>\n<div id=\"taboola-mid-article-thumbnails\" class=\"trc_related_container tbl-trecs-container trc_spotlight_widget trc_elastic trc_elastic_alternating-thumbnails-a-mid-article\" data-placement-name=\"Mid Article Thumbnails\">\n<div class=\"trc_rbox_container\">\n<div>\n<div id=\"trc_wrapper_42736152\" class=\"trc_rbox alternating-thumbnails-a-mid-article trc-content-hybrid\">\n<div id=\"trc_header_42736152\" class=\"trc_rbox_header trc_rbox_border_elm\">\n<div class=\"trc_header_ext\"><\/div>\n<\/div>\n<\/div>\n<\/div>\n<\/div>\n<\/div>\n<p>&nbsp;<\/p>\n<p>&nbsp;<\/p>\n<p>O passaporte de Bolsonaro est\u00e1 retido em decorr\u00eancia das investiga\u00e7\u00f5es das quais ele \u00e9 alvo, incluindo a que trata da suspeita de envolvimento numa trama de golpe de Estado em 2022.<\/p>\n<p>&nbsp;<\/p>\n<p>A defesa de Bolsonaro pede permiss\u00e3o para ele viajar de sexta (17) a quarta-feira (22) para acompanhar a programa\u00e7\u00e3o da posse, o que inclui dois bailes e a cerim\u00f4nia de oficializa\u00e7\u00e3o do republicano no cargo, que ocorrer\u00e1 na segunda-feira (20).<\/p>\n<p>&nbsp;<\/p>\n<p>No s\u00e1bado (11), Moraes havia determinado ao ex-presidente o envio de documentos para comprovar o convite recebido, dizendo que n\u00e3o tinham sido informados os hor\u00e1rios dos eventos nem a programa\u00e7\u00e3o de cerim\u00f4nias.<\/p>\n<p>&nbsp;<\/p>\n<p>No despacho, ele disse que o convite inclu\u00eddo no pedido havia sido enviado ao email do deputado federal Eduardo Bolsonaro (PL-SP), filho do ex-presidente, por um endere\u00e7o eletr\u00f4nico &#8220;n\u00e3o identificado&#8221; e sem detalhes das cerim\u00f4nias.<\/p>\n<p>&nbsp;<\/p>\n<p>Na segunda-feira (13), os advogados de Bolsonaro sustentaram ao ministro a veracidade do email. De acordo com eles, \u00e9 um meio de &#8220;comunica\u00e7\u00e3o formal utilizado pela aludida equipe cerimonial&#8221;, e o uso de dom\u00ednios online espec\u00edficos e tempor\u00e1rios \u00e9 comum em eventos de posse presidenciais americanas .<\/p>\n<p>&nbsp;<\/p>\n<p>&#8220;Prestigia-se a boa-f\u00e9 do declarante, in casu, de que o convite enviado por e-mail oficial do comit\u00ea representado por Donald J. Trump \u00e9 verdadeiro, justamente porque mentiras ou omiss\u00f5es propositadas podem levar a rigorosas consequ\u00eancias&#8221;, disseram os advogados.<\/p>\n<p>&nbsp;<\/p>\n<p>Na mesma resposta, a defesa afirmou que a posse do presidente eleito \u00e9 um &#8220;evento de not\u00f3ria magnitude pol\u00edtica e simb\u00f3lica e o convite para comparecer \u00e0 sua cerim\u00f4nia encontra-se carregado de significados e implica em diversos aspectos importantes, tais como o refor\u00e7o de la\u00e7os e o fortalecimento das rela\u00e7\u00f5es bilaterais entre os pa\u00edses mediante o di\u00e1logo entre dois l\u00edderes globais&#8221;.<\/p>\n<p>&nbsp;<\/p>\n<p>Os advogados ainda disseram reiterar o compromisso de o ex-presidente n\u00e3o atrapalhar &#8220;o andamento das investiga\u00e7\u00f5es&#8221; e cumprir integralmente as medidas cautelares impostas.<\/p>\n<p>&nbsp;<\/p>\n<p>Em documento datado da \u00faltima quinta-feira (9), no qual pedia a libera\u00e7\u00e3o do passaporte para a viagem, a defesa de Bolsonaro afirmou que havia recebido em novembro convite formal, do &#8220;Hispanic Inaugural Committe&#8221;, para &#8220;participar do baile oficial de posse hisp\u00e2nico&#8221;, marcado para o pr\u00f3ximo s\u00e1bado (18).<\/p>\n<\/div>\n<\/div>\n<\/section>\n","protected":false},"excerpt":{"rendered":"<p>Documento est\u00e1 retido em decorr\u00eancia das investiga\u00e7\u00f5es das quais ex-presidente \u00e9 alvo Victor Ostetti\/MidiaNews Ministro<\/p>\n","protected":false},"author":2,"featured_media":42718,"comment_status":"open","ping_status":"open","sticky":false,"template":"","format":"standard","meta":{"footnotes":""},"categories":[13,2],"tags":[],"aioseo_notices":[],"_links":{"self":[{"href":"https:\/\/portalnewsgta.com.br\/index.php\/wp-json\/wp\/v2\/posts\/42717"}],"collection":[{"href":"https:\/\/portalnewsgta.com.br\/index.php\/wp-json\/wp\/v2\/posts"}],"about":[{"href":"https:\/\/portalnewsgta.com.br\/index.php\/wp-json\/wp\/v2\/types\/post"}],"author":[{"embeddable":true,"href":"https:\/\/portalnewsgta.com.br\/index.php\/wp-json\/wp\/v2\/users\/2"}],"replies":[{"embeddable":true,"href":"https:\/\/portalnewsgta.com.br\/index.php\/wp-json\/wp\/v2\/comments?post=42717"}],"version-history":[{"count":1,"href":"https:\/\/portalnewsgta.com.br\/index.php\/wp-json\/wp\/v2\/posts\/42717\/revisions"}],"predecessor-version":[{"id":42719,"href":"https:\/\/portalnewsgta.com.br\/index.php\/wp-json\/wp\/v2\/posts\/42717\/revisions\/42719"}],"wp:featuredmedia":[{"embeddable":true,"href":"https:\/\/portalnewsgta.com.br\/index.php\/wp-json\/wp\/v2\/media\/42718"}],"wp:attachment":[{"href":"https:\/\/portalnewsgta.com.br\/index.php\/wp-json\/wp\/v2\/media?parent=42717"}],"wp:term":[{"taxonomy":"category","embeddable":true,"href":"https:\/\/portalnewsgta.com.br\/index.php\/wp-json\/wp\/v2\/categories?post=42717"},{"taxonomy":"post_tag","embeddable":true,"href":"https:\/\/portalnewsgta.com.br\/index.php\/wp-json\/wp\/v2\/tags?post=42717"}],"curies":[{"name":"wp","href":"https:\/\/api.w.org\/{rel}","templated":true}]}}