{"id":42711,"date":"2025-01-17T10:07:52","date_gmt":"2025-01-17T13:07:52","guid":{"rendered":"https:\/\/portalnewsgta.com.br\/?p=42711"},"modified":"2025-01-17T10:07:52","modified_gmt":"2025-01-17T13:07:52","slug":"com-vice-governador-temos-esperanca-e-certeza-de-que-nossos-problemas-serao-resolvidos-afirma-prefeita-de-nova-maringa","status":"publish","type":"post","link":"https:\/\/portalnewsgta.com.br\/index.php\/2025\/01\/17\/com-vice-governador-temos-esperanca-e-certeza-de-que-nossos-problemas-serao-resolvidos-afirma-prefeita-de-nova-maringa\/","title":{"rendered":"\u201cCom vice-governador, temos esperan\u00e7a e certeza de que nossos problemas ser\u00e3o resolvidos\u201d, afirma prefeita de Nova Maring\u00e1"},"content":{"rendered":"<h2 class=\"subtitulo mb-1\">Otaviano Pivetta e prefeitos de 15 munic\u00edpios se reuniram para discutir a\u00e7\u00f5es emergenciais para minimizar danos das enchentes no interior do Estado<\/h2>\n<div class=\"autor mb-1\">Amanda Monteiro | Secom-MT<\/div>\n<div><\/div>\n<div>\n<div class=\"container-fluid pt-4 pb-4\">\n<div class=\"container\">\n<div class=\"row text-center legenda_foto mt-2\">\n<div class=\"col-12\"><b>Cr\u00e9dito &#8211;\u00a0<\/b>Vanderson Ferraz\/Assembleia Legislativa<\/div>\n<\/div>\n<\/div>\n<\/div>\n<div class=\"container mt-5\">\n<div class=\"row justify-content-md-center\">\n<div class=\"col-sm-11 conteudo\">\n<p>\u201cQuando o vice-governador vem at\u00e9 aqui, a gente come\u00e7a a acreditar que os problemas ser\u00e3o resolvidos. A situa\u00e7\u00e3o das estradas \u00e9 cr\u00edtica e precisamos de apoio para nossa popula\u00e7\u00e3o e para escoar nossa produ\u00e7\u00e3o&#8221;, afirmou a prefeita de Nova Maring\u00e1, Ana Maria, durante reuni\u00e3o do Cons\u00f3rcio Intermunicipal de Desenvolvimento Econ\u00f4mico, Social, Ambiental e Tur\u00edstico do Alto do Rio Paraguai (CIDESARP), realizada nesta quinta-feira (16.1), em Nortel\u00e2ndia.<\/p>\n<p>O vice-governador Otaviano Pivetta se reuniu com prefeitos de 15 munic\u00edpios para discutir a\u00e7\u00f5es emergenciais com o objetivo de minimizar danos das enchentes no interior de Mato Grosso. Na reuni\u00e3o, ele\u00a0afirmou que o Governo do Estado est\u00e1 mobilizado na recupera\u00e7\u00e3o da infraestrutura e no apoio imediato \u00e0s fam\u00edlias afetadas na regi\u00e3o.<\/p>\n<p>\u201cEstamos aqui para dar as m\u00e3os a todos voc\u00eas e resolver os problemas que afligem o nosso povo. O governo est\u00e1 atento a todas as demandas, canalizando os recursos necess\u00e1rios para que o retorno aconte\u00e7a de forma eficiente. Voc\u00eas sabem que, em nossa gest\u00e3o, o que fazemos \u00e9 devolver os recursos que pertencem ao povo mato-grossense\u201d, afirmou.<\/p>\n<p>Pivetta tamb\u00e9m ressaltou a atua\u00e7\u00e3o da Defesa Civil, que monitora a situa\u00e7\u00e3o nos munic\u00edpios mais afetados e realiza visitas para identificar as necessidades urgentes. \u201cVamos superar isso com serenidade, trabalhando em parceria com prefeitos e a popula\u00e7\u00e3o\u201d, destacou o vice-governador.<\/p>\n<p>O superintendente de Prote\u00e7\u00e3o e Defesa Civil, Lu\u00eds Cl\u00e1udio Pereira, falou sobre a import\u00e2ncia da atua\u00e7\u00e3o coordenada entre munic\u00edpios e Governo do Estado para atender as a\u00e7\u00f5es emergenciais e na solicita\u00e7\u00e3o de recursos federais.<\/p>\n<p>\u201cAssim que as chuvas atingiram a regi\u00e3o, acionamos imediatamente todos os prefeitos das cidades afetadas e mobilizamos nossas equipes para atender as emerg\u00eancias. A situa\u00e7\u00e3o era cr\u00edtica em alguns munic\u00edpios, mas conseguimos atender de forma eficiente. Agora, \u00e9 imprescind\u00edvel que os munic\u00edpios nomeiem um coordenador de prote\u00e7\u00e3o e defesa civil para garantir a homologa\u00e7\u00e3o estadual e a solicita\u00e7\u00e3o de recursos federais&#8221;, explicou Lu\u00eds Claudio.<\/p>\n<p>A reuni\u00e3o\u00a0segue durante toda esta quinta-feira com a participa\u00e7\u00e3o de prefeitos, vereadores e secret\u00e1rios dos munic\u00edpios de Alto Paraguai, Aren\u00e1polis, Barra do Bugres, Campo Novo do Parecis, Denise, Diamantino, Nortel\u00e2ndia, Nova Maril\u00e2ndia, Nova Maring\u00e1, Nova Ol\u00edmpia, Porto Estrela, Santo Afonso, S\u00e3o Jos\u00e9 do Rio Claro e Tangar\u00e1 da Serra.<\/p>\n<p>Participaram tamb\u00e9m da reuni\u00e3o os deputados estaduais Eduardo Botelho, Dr. Jo\u00e3o, Dilmar Dal Bosco e Paulo Ara\u00fajo, al\u00e9m do presidente da MT Participa\u00e7\u00f5es e Projetos S\/A (MT Par), Wener Santos; e do presidente da Associa\u00e7\u00e3o Mato-grossense dos Munic\u00edpios (AMM), Leonardo Bortolin.<\/p>\n<\/div>\n<\/div>\n<\/div>\n<\/div>\n","protected":false},"excerpt":{"rendered":"<p>Otaviano Pivetta e prefeitos de 15 munic\u00edpios se reuniram para discutir a\u00e7\u00f5es emergenciais para minimizar<\/p>\n","protected":false},"author":2,"featured_media":42712,"comment_status":"open","ping_status":"open","sticky":false,"template":"","format":"standard","meta":{"footnotes":""},"categories":[13,2],"tags":[647],"aioseo_notices":[],"_links":{"self":[{"href":"https:\/\/portalnewsgta.com.br\/index.php\/wp-json\/wp\/v2\/posts\/42711"}],"collection":[{"href":"https:\/\/portalnewsgta.com.br\/index.php\/wp-json\/wp\/v2\/posts"}],"about":[{"href":"https:\/\/portalnewsgta.com.br\/index.php\/wp-json\/wp\/v2\/types\/post"}],"author":[{"embeddable":true,"href":"https:\/\/portalnewsgta.com.br\/index.php\/wp-json\/wp\/v2\/users\/2"}],"replies":[{"embeddable":true,"href":"https:\/\/portalnewsgta.com.br\/index.php\/wp-json\/wp\/v2\/comments?post=42711"}],"version-history":[{"count":1,"href":"https:\/\/portalnewsgta.com.br\/index.php\/wp-json\/wp\/v2\/posts\/42711\/revisions"}],"predecessor-version":[{"id":42713,"href":"https:\/\/portalnewsgta.com.br\/index.php\/wp-json\/wp\/v2\/posts\/42711\/revisions\/42713"}],"wp:featuredmedia":[{"embeddable":true,"href":"https:\/\/portalnewsgta.com.br\/index.php\/wp-json\/wp\/v2\/media\/42712"}],"wp:attachment":[{"href":"https:\/\/portalnewsgta.com.br\/index.php\/wp-json\/wp\/v2\/media?parent=42711"}],"wp:term":[{"taxonomy":"category","embeddable":true,"href":"https:\/\/portalnewsgta.com.br\/index.php\/wp-json\/wp\/v2\/categories?post=42711"},{"taxonomy":"post_tag","embeddable":true,"href":"https:\/\/portalnewsgta.com.br\/index.php\/wp-json\/wp\/v2\/tags?post=42711"}],"curies":[{"name":"wp","href":"https:\/\/api.w.org\/{rel}","templated":true}]}}