{"id":42705,"date":"2025-01-17T10:05:28","date_gmt":"2025-01-17T13:05:28","guid":{"rendered":"https:\/\/portalnewsgta.com.br\/?p=42705"},"modified":"2025-01-17T10:05:28","modified_gmt":"2025-01-17T13:05:28","slug":"primeira-dama-de-mt-coordena-envio-de-ajuda-emergencial-para-cidades-atingidas-pelas-chuvas","status":"publish","type":"post","link":"https:\/\/portalnewsgta.com.br\/index.php\/2025\/01\/17\/primeira-dama-de-mt-coordena-envio-de-ajuda-emergencial-para-cidades-atingidas-pelas-chuvas\/","title":{"rendered":"Primeira-dama de MT coordena envio de ajuda emergencial para cidades atingidas pelas chuvas"},"content":{"rendered":"<h2 class=\"subtitulo mb-1\">Ao todo, foram enviados 1.000 itens para Rio Branco e Salto do C\u00e9u nesta quinta-feira (16)<\/h2>\n<div class=\"autor mb-1\">V\u00e2nia Neves | Unaf<\/div>\n<div><\/div>\n<div>\n<div class=\"container-fluid pt-4 pb-4\">\n<div class=\"container\">\n<div class=\"row text-center legenda_foto mt-2\">\n<div class=\"col-12\"><b>Cr\u00e9dito &#8211;\u00a0<\/b>Josi Dias\/Setasc<\/div>\n<\/div>\n<\/div>\n<\/div>\n<div class=\"container mt-5\">\n<div class=\"row justify-content-md-center\">\n<div class=\"col-sm-11 conteudo\">\n<p dir=\"ltr\">Nesta quinta-feira (16.1), as doa\u00e7\u00f5es para os munic\u00edpios de Salto do C\u00e9u e Rio Branco foram carregadas e encaminhadas pela Defesa Civil do Estado com o aux\u00edlio dos servidores da Secretaria de Estado de Assist\u00eancia Social e Cidadania (Setasc). Com a supervis\u00e3o do secret\u00e1rio adjunto, Emerson Toledo, a mobiliza\u00e7\u00e3o foi coordenada pela primeira-dama de Mato Grosso, Virginia Mendes, por meio dos Programas SER Fam\u00edlia Solid\u00e1rio e Aconchego, idealizados por ela com apoio do Governo do Estado.<\/p>\n<p>Ao todo, foram destinados mil itens, incluindo cestas de alimentos, kits de higiene e limpeza, cobertores e filtros de barro, al\u00e9m de 120 colch\u00f5es, 120 kits de dormit\u00f3rios (travesseiro, cobertor, len\u00e7ol e fronhas), 100 caixas d&#8217;\u00e1gua e 1 tonelada de roupas, para os dois munic\u00edpios.<\/p>\n<figure class=\"image\"><picture data-fileentryid=\"69673059\"><source srcset=\"\/o\/adaptive-media\/image\/69673059\/Thumbnail-1024x1024\/c06b2d19-c668-4333-9218-8a0fb0c1126c.jpg?t=1737067160643\" media=\"(max-width:1024px)\" \/><img decoding=\"async\" src=\"https:\/\/www.secom.mt.gov.br\/documents\/d\/mt\/c06b2d19-c668-4333-9218-8a0fb0c1126c-jpg\" alt=\"\" height=\"266\" \/><\/picture><figcaption>Foto: Josi Dias\/Setasc<\/figcaption><\/figure>\n<p>\u201cGratid\u00e3o ao Governo do Estado por atender mais uma demanda, e a todas as pessoas que se mobilizaram para dar agilidade para que as fam\u00edlias sejam atendidas o quanto antes. Pe\u00e7o a Deus que aben\u00e7oe todas as pessoas\u201d, disse Virginia Mendes.<\/p>\n<p>Emerson Toledo destacou a import\u00e2ncia da a\u00e7\u00e3o emergencial. \u201cAssim que a primeira-dama Virginia Mendes acionou a Secretaria, nos mobilizamos para que os munic\u00edpios fossem atendidos o mais r\u00e1pido poss\u00edvel. Gra\u00e7as aos programas idealizados pela primeira-dama do Estado, sempre que necess\u00e1rio estamos prontos para atender a popula\u00e7\u00e3o\u201d, ressaltou o secret\u00e1rio-adjunto.<\/p>\n<p>O prefeito de Salto do C\u00e9u, Malto Teixeira, agradeceu pela a\u00e7\u00e3o emergencial organizada pela primeira-dama de MT e pelo Governo do Estado.<\/p>\n<p>\u201cQuero agradecer \u00e0 primeira-dama Virginia Mendes e ao Governo do Estado, na pessoa do governador Mauro Mendes, por atender \u00e0 popula\u00e7\u00e3o do nosso munic\u00edpio neste momento t\u00e3o dif\u00edcil. Estamos definindo tamb\u00e9m algumas a\u00e7\u00f5es para recuperar as regi\u00f5es afetadas pelas chuvas. Com f\u00e9 em Deus, logo, logo vamos superar tudo isso.\u201d<\/p>\n<figure class=\"image\"><picture data-fileentryid=\"69673066\"><source srcset=\"\/o\/adaptive-media\/image\/69673066\/Thumbnail-1024x1024\/179dc56d-6dce-434f-bbcf-92b7cf998086.jpg?t=1737067181637\" media=\"(max-width:1024px)\" \/><img decoding=\"async\" src=\"https:\/\/www.secom.mt.gov.br\/documents\/d\/mt\/179dc56d-6dce-434f-bbcf-92b7cf998086-jpg\" alt=\"\" height=\"266\" \/><\/picture><figcaption>Foto: Josi Dias\/Setasc<\/figcaption><\/figure>\n<\/div>\n<\/div>\n<\/div>\n<\/div>\n","protected":false},"excerpt":{"rendered":"<p>Ao todo, foram enviados 1.000 itens para Rio Branco e Salto do C\u00e9u nesta quinta-feira<\/p>\n","protected":false},"author":2,"featured_media":42706,"comment_status":"open","ping_status":"open","sticky":false,"template":"","format":"standard","meta":{"footnotes":""},"categories":[7,13],"tags":[],"aioseo_notices":[],"_links":{"self":[{"href":"https:\/\/portalnewsgta.com.br\/index.php\/wp-json\/wp\/v2\/posts\/42705"}],"collection":[{"href":"https:\/\/portalnewsgta.com.br\/index.php\/wp-json\/wp\/v2\/posts"}],"about":[{"href":"https:\/\/portalnewsgta.com.br\/index.php\/wp-json\/wp\/v2\/types\/post"}],"author":[{"embeddable":true,"href":"https:\/\/portalnewsgta.com.br\/index.php\/wp-json\/wp\/v2\/users\/2"}],"replies":[{"embeddable":true,"href":"https:\/\/portalnewsgta.com.br\/index.php\/wp-json\/wp\/v2\/comments?post=42705"}],"version-history":[{"count":1,"href":"https:\/\/portalnewsgta.com.br\/index.php\/wp-json\/wp\/v2\/posts\/42705\/revisions"}],"predecessor-version":[{"id":42707,"href":"https:\/\/portalnewsgta.com.br\/index.php\/wp-json\/wp\/v2\/posts\/42705\/revisions\/42707"}],"wp:featuredmedia":[{"embeddable":true,"href":"https:\/\/portalnewsgta.com.br\/index.php\/wp-json\/wp\/v2\/media\/42706"}],"wp:attachment":[{"href":"https:\/\/portalnewsgta.com.br\/index.php\/wp-json\/wp\/v2\/media?parent=42705"}],"wp:term":[{"taxonomy":"category","embeddable":true,"href":"https:\/\/portalnewsgta.com.br\/index.php\/wp-json\/wp\/v2\/categories?post=42705"},{"taxonomy":"post_tag","embeddable":true,"href":"https:\/\/portalnewsgta.com.br\/index.php\/wp-json\/wp\/v2\/tags?post=42705"}],"curies":[{"name":"wp","href":"https:\/\/api.w.org\/{rel}","templated":true}]}}