{"id":42647,"date":"2025-01-16T14:03:13","date_gmt":"2025-01-16T17:03:13","guid":{"rendered":"https:\/\/portalnewsgta.com.br\/?p=42647"},"modified":"2025-01-16T14:03:13","modified_gmt":"2025-01-16T17:03:13","slug":"vereador-que-descumpriu-medida-protetiva-e-preso-pela-policia-civil-em-nova-santa-helena","status":"publish","type":"post","link":"https:\/\/portalnewsgta.com.br\/index.php\/2025\/01\/16\/vereador-que-descumpriu-medida-protetiva-e-preso-pela-policia-civil-em-nova-santa-helena\/","title":{"rendered":"Vereador que descumpriu medida protetiva \u00e9 preso pela Pol\u00edcia Civil em Nova Santa Helena"},"content":{"rendered":"<p>Suspeito foi at\u00e9 a casa da v\u00edtima, ocasi\u00e3o em que a amea\u00e7ou com uma faca.<\/p>\n<p>Um vereador de Nova Santa Helena, investigado por descumprimento de medida protetiva contra sua ex-esposa, teve o mandado de pris\u00e3o cumprido pela Pol\u00edcia Civil, na manh\u00e3 desta quinta-feira (16.1), em a\u00e7\u00e3o realizada pelos policiais da Delegacia de Ita\u00faba.<\/p>\n<p>O suspeito, de 48 anos, que j\u00e1 respondeu outro inqu\u00e9rito policial por crime de amea\u00e7a contra ex-companheira, teve a ordem de pris\u00e3o decretada pela Justi\u00e7a de Ita\u00faba, por descumprimento de medida protetiva.<\/p>\n<p>A v\u00edtima, de 45 anos, foi casada com o suspeito por 25 anos e estava com as medidas protetivas deferidas pela Justi\u00e7a desde de outubro de 2024.<\/p>\n<p>Mat\u00e9ria completa no site www.pjc.mt.gov.br<\/p>\n","protected":false},"excerpt":{"rendered":"<p>Suspeito foi at\u00e9 a casa da v\u00edtima, ocasi\u00e3o em que a amea\u00e7ou com uma faca.<\/p>\n","protected":false},"author":2,"featured_media":42648,"comment_status":"open","ping_status":"open","sticky":false,"template":"","format":"standard","meta":{"footnotes":""},"categories":[13,8],"tags":[601],"aioseo_notices":[],"_links":{"self":[{"href":"https:\/\/portalnewsgta.com.br\/index.php\/wp-json\/wp\/v2\/posts\/42647"}],"collection":[{"href":"https:\/\/portalnewsgta.com.br\/index.php\/wp-json\/wp\/v2\/posts"}],"about":[{"href":"https:\/\/portalnewsgta.com.br\/index.php\/wp-json\/wp\/v2\/types\/post"}],"author":[{"embeddable":true,"href":"https:\/\/portalnewsgta.com.br\/index.php\/wp-json\/wp\/v2\/users\/2"}],"replies":[{"embeddable":true,"href":"https:\/\/portalnewsgta.com.br\/index.php\/wp-json\/wp\/v2\/comments?post=42647"}],"version-history":[{"count":1,"href":"https:\/\/portalnewsgta.com.br\/index.php\/wp-json\/wp\/v2\/posts\/42647\/revisions"}],"predecessor-version":[{"id":42649,"href":"https:\/\/portalnewsgta.com.br\/index.php\/wp-json\/wp\/v2\/posts\/42647\/revisions\/42649"}],"wp:featuredmedia":[{"embeddable":true,"href":"https:\/\/portalnewsgta.com.br\/index.php\/wp-json\/wp\/v2\/media\/42648"}],"wp:attachment":[{"href":"https:\/\/portalnewsgta.com.br\/index.php\/wp-json\/wp\/v2\/media?parent=42647"}],"wp:term":[{"taxonomy":"category","embeddable":true,"href":"https:\/\/portalnewsgta.com.br\/index.php\/wp-json\/wp\/v2\/categories?post=42647"},{"taxonomy":"post_tag","embeddable":true,"href":"https:\/\/portalnewsgta.com.br\/index.php\/wp-json\/wp\/v2\/tags?post=42647"}],"curies":[{"name":"wp","href":"https:\/\/api.w.org\/{rel}","templated":true}]}}