{"id":42593,"date":"2025-01-15T09:56:14","date_gmt":"2025-01-15T12:56:14","guid":{"rendered":"https:\/\/portalnewsgta.com.br\/?p=42593"},"modified":"2025-01-17T09:19:15","modified_gmt":"2025-01-17T12:19:15","slug":"dilmar-critica-mercadinhos-em-presidios-de-mt-nao-precisa","status":"publish","type":"post","link":"https:\/\/portalnewsgta.com.br\/index.php\/2025\/01\/15\/dilmar-critica-mercadinhos-em-presidios-de-mt-nao-precisa\/","title":{"rendered":"Dilmar critica \u201cmercadinhos\u201d em pres\u00eddios de MT: &#8220;N\u00e3o precisa&#8221;"},"content":{"rendered":"<h3>O l\u00edder do governo na Assembleia afirmou que detentos n\u00e3o enfrentam falta de assist\u00eancia<\/h3>\n<p>Victor Ostetti\/MidiaNews<\/p>\n<p>O deputado Dilmar Dal Bosco defendeu que os pre\u00e7os dos produtos nos pres\u00eddios sejam tabelados<\/p>\n<p>ENZO TRES<br \/>\nDA REDA\u00c7\u00c3O<\/p>\n<p>O l\u00edder do governo estadual na Assembleia Legislativa, deputado Dilmar Dal Bosco (Uni\u00e3o), criticou o funcionamento dos mercadinhos nas penitenci\u00e1rias mato-grossenses.<\/p>\n<p>&nbsp;<\/p>\n<h2>Significa que, qualquer penitenci\u00e1ria do Estado n\u00e3o tem falta de produto, tudo \u00e9 fornecido, n\u00e3o tem possibilidade de ter mercado dentro de sistema prisional<\/h2>\n<p>Ele \u00e9 apoiador da proposta legislativa 2041\/2024, elaborado pelo Governo do Estado, que prev\u00ea medidas para endurecer procedimentos de seguran\u00e7a nos pres\u00eddios e desativar o funcionamento de com\u00e9rcios nas unidades.<\/p>\n<p>&nbsp;<\/p>\n<p>Ocorre que o texto foi alterado na quarta-feira (8), ap\u00f3s uma reuni\u00e3o do desembargador Orlando Perri, do Tribunal de Justi\u00e7a (TJ-MT), e o supervisor do Grupo de Monitoramento e Fiscaliza\u00e7\u00e3o do Sistema Carcer\u00e1rio.<\/p>\n<p>&nbsp;<\/p>\n<p>Apesar de ter sido aprovado, o projeto suspendeu a extin\u00e7\u00e3o dos mercadinhos, o que foi criticado por Dilmar. Segundo o deputado, os mercadinhos s\u00e3o desnecess\u00e1rios porque o Governo do Estado oferece os itens essenciais aos detentos.<\/p>\n<p>&nbsp;<\/p>\n<p>\u201cSe o Estado est\u00e1 fornecendo todos os itens, n\u00e3o precisa ter mercado dentro do pres\u00eddio. Se tem falta de itens, o pr\u00f3prio Estado pode, atrav\u00e9s do entendimento com a comunidade, criar a associa\u00e7\u00e3o de controle para ter os itens\u201d, disse.<\/p>\n<p>&nbsp;<\/p>\n<p>\u201cTodos os itens que poder\u00e3o ter em venda no mercado ser\u00e3o tabelados, indicados pelo Governo do Estado atrav\u00e9s de decreto. Significa que, qualquer penitenci\u00e1ria do Estado n\u00e3o tem falta de produto, tudo \u00e9 fornecido, n\u00e3o tem possibilidade de ter mercado dentro de sistema prisional\u201d, acrescentou.<\/p>\n<p>&nbsp;<\/p>\n<p>Dilmar, ainda, apoiou o posicionamento do governador Mauro Mendes (Uni\u00e3o) sobre detentos n\u00e3o terem direitos a produtos como u\u00edsque, cerveja e alimentos espec\u00edficos.<\/p>\n<p>&nbsp;<\/p>\n<p>Durante a declara\u00e7\u00e3o, o governador disse que os presidi\u00e1rios s\u00e3o bem tratados pelo Estado e recebem quatro refei\u00e7\u00f5es diariamente.<\/p>\n<p>&nbsp;<\/p>\n<p>\u201cNessa maneira de fala, [concordo] sim, at\u00e9 porque imagino que n\u00e3o possa estar vendendo u\u00edsque e cerveja dentro do pres\u00eddio. Vejo que a lei colocada trata exatamente disso&#8221;.<\/p>\n<p>&nbsp;<\/p>\n<p>&#8220;O governo, atrav\u00e9s de um decreto, vai falar quais seriam as possibilidades de ter um mercado e quais itens a serem vendidos, inclusive com pre\u00e7o de pauta. N\u00e3o pode estar por um pre\u00e7o fora de mercado como em qualquer bairro\u201d, completou.<\/p>\n","protected":false},"excerpt":{"rendered":"<p>O l\u00edder do governo na Assembleia afirmou que detentos n\u00e3o enfrentam falta de assist\u00eancia Victor<\/p>\n","protected":false},"author":2,"featured_media":42594,"comment_status":"open","ping_status":"open","sticky":false,"template":"","format":"standard","meta":{"footnotes":""},"categories":[13,2],"tags":[],"aioseo_notices":[],"_links":{"self":[{"href":"https:\/\/portalnewsgta.com.br\/index.php\/wp-json\/wp\/v2\/posts\/42593"}],"collection":[{"href":"https:\/\/portalnewsgta.com.br\/index.php\/wp-json\/wp\/v2\/posts"}],"about":[{"href":"https:\/\/portalnewsgta.com.br\/index.php\/wp-json\/wp\/v2\/types\/post"}],"author":[{"embeddable":true,"href":"https:\/\/portalnewsgta.com.br\/index.php\/wp-json\/wp\/v2\/users\/2"}],"replies":[{"embeddable":true,"href":"https:\/\/portalnewsgta.com.br\/index.php\/wp-json\/wp\/v2\/comments?post=42593"}],"version-history":[{"count":1,"href":"https:\/\/portalnewsgta.com.br\/index.php\/wp-json\/wp\/v2\/posts\/42593\/revisions"}],"predecessor-version":[{"id":42595,"href":"https:\/\/portalnewsgta.com.br\/index.php\/wp-json\/wp\/v2\/posts\/42593\/revisions\/42595"}],"wp:featuredmedia":[{"embeddable":true,"href":"https:\/\/portalnewsgta.com.br\/index.php\/wp-json\/wp\/v2\/media\/42594"}],"wp:attachment":[{"href":"https:\/\/portalnewsgta.com.br\/index.php\/wp-json\/wp\/v2\/media?parent=42593"}],"wp:term":[{"taxonomy":"category","embeddable":true,"href":"https:\/\/portalnewsgta.com.br\/index.php\/wp-json\/wp\/v2\/categories?post=42593"},{"taxonomy":"post_tag","embeddable":true,"href":"https:\/\/portalnewsgta.com.br\/index.php\/wp-json\/wp\/v2\/tags?post=42593"}],"curies":[{"name":"wp","href":"https:\/\/api.w.org\/{rel}","templated":true}]}}