{"id":42569,"date":"2025-01-15T09:42:44","date_gmt":"2025-01-15T12:42:44","guid":{"rendered":"https:\/\/portalnewsgta.com.br\/?p=42569"},"modified":"2025-01-15T09:42:44","modified_gmt":"2025-01-15T12:42:44","slug":"funcionarios-de-empresa-em-mt-furtam-uma-tonelada-de-fios-interrompem-sinal-de-telefonia-e-sao-presos","status":"publish","type":"post","link":"https:\/\/portalnewsgta.com.br\/index.php\/2025\/01\/15\/funcionarios-de-empresa-em-mt-furtam-uma-tonelada-de-fios-interrompem-sinal-de-telefonia-e-sao-presos\/","title":{"rendered":"Funcion\u00e1rios de empresa em MT furtam uma tonelada de fios, interrompem sinal de telefonia e s\u00e3o presos"},"content":{"rendered":"<p>A Pol\u00edcia Civil informou, h\u00e1 pouco, que prendeu, em Cuiab\u00e1, tr\u00eas funcion\u00e1rios de uma empresa de engenharia de telecomunica\u00e7\u00f5es, envolvidos no furto de mais de uma tonelada de fio de cobre. Os suspeitos, de 34, 38 e 40 anos de idade, estavam utilizando a caminhonete da empresa para carregar e transportar os fios furtados. Ao serem abordados pelos policiais da Delegacia Especializada de Roubos e Furtos, confessaram o crime e foram autuados em flagrante.<\/p>\n<p>As dilig\u00eancias iniciaram ap\u00f3s a equipe de investigadores receberem den\u00fancia sobre poss\u00edvel situa\u00e7\u00e3o de furto de cabos de cobre, na regi\u00e3o do bairro 1\u00ba de mar\u00e7o, onde encontraram os tr\u00eas suspeitos uniformizados ao lado do ve\u00edculo da empresa, onde o material subtra\u00eddo estava armazenado. Na abordagem, foi constatado que os funcion\u00e1rios n\u00e3o estavam com ordem de servi\u00e7o para retirada dos cabos, por\u00e9m no ve\u00edculo havia aproximadamente uma tonelada de fios retirados de forma il\u00edcita.<\/p>\n<p>Os suspeitos confessaram o crime, revelando que venderiam o material em uma empresa de sucatas. Al\u00e9m do preju\u00edzo financeiro para a empresa, a pol\u00edcia informa que o furto acarretou a interrup\u00e7\u00e3o do servi\u00e7o de telefonia prestado na localidade.\u00a0Todo material subtra\u00eddo foi apreendido e os suspeitos conduzidos \u00e0 DERF, interrogados pelo delegado Guilherme Bertoli, e autuados em flagrante pelo crime de furto qualificado.<\/p>\n<p>As investiga\u00e7\u00f5es seguem em andamento para identificar outros poss\u00edveis envolvidos e os receptadores do material subtra\u00eddo, informa a assessoria.<\/p>\n","protected":false},"excerpt":{"rendered":"<p>A Pol\u00edcia Civil informou, h\u00e1 pouco, que prendeu, em Cuiab\u00e1, tr\u00eas funcion\u00e1rios de uma empresa<\/p>\n","protected":false},"author":2,"featured_media":42570,"comment_status":"open","ping_status":"open","sticky":false,"template":"","format":"standard","meta":{"footnotes":""},"categories":[13,8],"tags":[],"aioseo_notices":[],"_links":{"self":[{"href":"https:\/\/portalnewsgta.com.br\/index.php\/wp-json\/wp\/v2\/posts\/42569"}],"collection":[{"href":"https:\/\/portalnewsgta.com.br\/index.php\/wp-json\/wp\/v2\/posts"}],"about":[{"href":"https:\/\/portalnewsgta.com.br\/index.php\/wp-json\/wp\/v2\/types\/post"}],"author":[{"embeddable":true,"href":"https:\/\/portalnewsgta.com.br\/index.php\/wp-json\/wp\/v2\/users\/2"}],"replies":[{"embeddable":true,"href":"https:\/\/portalnewsgta.com.br\/index.php\/wp-json\/wp\/v2\/comments?post=42569"}],"version-history":[{"count":1,"href":"https:\/\/portalnewsgta.com.br\/index.php\/wp-json\/wp\/v2\/posts\/42569\/revisions"}],"predecessor-version":[{"id":42572,"href":"https:\/\/portalnewsgta.com.br\/index.php\/wp-json\/wp\/v2\/posts\/42569\/revisions\/42572"}],"wp:featuredmedia":[{"embeddable":true,"href":"https:\/\/portalnewsgta.com.br\/index.php\/wp-json\/wp\/v2\/media\/42570"}],"wp:attachment":[{"href":"https:\/\/portalnewsgta.com.br\/index.php\/wp-json\/wp\/v2\/media?parent=42569"}],"wp:term":[{"taxonomy":"category","embeddable":true,"href":"https:\/\/portalnewsgta.com.br\/index.php\/wp-json\/wp\/v2\/categories?post=42569"},{"taxonomy":"post_tag","embeddable":true,"href":"https:\/\/portalnewsgta.com.br\/index.php\/wp-json\/wp\/v2\/tags?post=42569"}],"curies":[{"name":"wp","href":"https:\/\/api.w.org\/{rel}","templated":true}]}}