{"id":42542,"date":"2025-01-15T09:01:29","date_gmt":"2025-01-15T12:01:29","guid":{"rendered":"https:\/\/portalnewsgta.com.br\/?p=42542"},"modified":"2025-01-15T09:01:29","modified_gmt":"2025-01-15T12:01:29","slug":"encontro-regional-em-colider-promove-desenvolvimento-economico-e-inovacao","status":"publish","type":"post","link":"https:\/\/portalnewsgta.com.br\/index.php\/2025\/01\/15\/encontro-regional-em-colider-promove-desenvolvimento-economico-e-inovacao\/","title":{"rendered":"Encontro Regional em Col\u00edder promove desenvolvimento econ\u00f4mico e inova\u00e7\u00e3o"},"content":{"rendered":"<p>Por: Angela Foga\u00e7a\/Nort\u00e3o Online<\/p>\n<figure class=\"mb-2\" data-v-71457620=\"\"><figcaption class=\"text-body-2 font-weight-bold grey--text text--darken-2\" data-v-71457620=\"\">Foto por: Reprodu\u00e7\u00e3o<\/figcaption><\/figure>\n<div class=\"ck-content font-weight-medium mb-4\" data-v-71457620=\"\">\n<p>A Prefeitura Municipal de Col\u00edder, em parceria com a C\u00e2mara Municipal de Vereadores e a Associa\u00e7\u00e3o Comercial e Empresarial de Col\u00edder (ACIC), convida a comunidade para o Encontro Regional do Balc\u00e3o \u00danico da Junta Comercial (JUCEMAT).<\/p>\n<p>O secret\u00e1rio de Ind\u00fastria e Com\u00e9rcio Louren\u00e7o Marani, explicou que esse evento tamb\u00e9m marcar\u00e1 o lan\u00e7amento de projetos de financiamento da Ag\u00eancia de Fomento Desenvolve\/MT e a apresenta\u00e7\u00e3o do Programa Pensando Grande para os Pequenos, da Secretaria de Estado de Desenvolvimento Econ\u00f4mico de Mato Grosso (SEDEC-MT).<\/p>\n<p>\u201cSer\u00e1 lan\u00e7ada uma plataforma chamada Balc\u00e3o \u00fanico, que vem justamente para facilitar a abertura de pequenos neg\u00f3cios no munic\u00edpio. Teremos uma equipe t\u00e9cnica que vai apresentar essa proposta e uma caravana, com uma mesa de neg\u00f3cios, enfim uma grande oportunidade\u201d, disse Marani.<\/p>\n<p>O evento ser\u00e1 realizado na pr\u00f3xima quinta-feira, dia 16 de janeiro de 2025, \u00e0s 19h30, no Audit\u00f3rio Amaz\u00f4nia, localizado na Avenida do Colonizador, n\u00ba 380, Bairro Centro, em Col\u00edder.<\/p>\n<p>Com o objetivo de fortalecer o desenvolvimento econ\u00f4mico e promover a inova\u00e7\u00e3o na regi\u00e3o, a programa\u00e7\u00e3o do encontro contar\u00e1 com:<\/p>\n<p><strong>Cronograma:<\/strong><\/p>\n<ul>\n<li><strong>19h30 \u00e0s 20h15<\/strong>: Balc\u00e3o \u00danico &#8211; JUCEMAT<\/li>\n<li><strong>20h16 \u00e0s 20h45<\/strong>: Desenvolve\/MT<\/li>\n<li><strong>20h46 \u00e0s 21h15<\/strong>: Programa Pensando Grande para os Pequenos &#8211; SEDEC-MT<\/li>\n<\/ul>\n<p>Ap\u00f3s essas apresenta\u00e7\u00f5es, haver\u00e1 uma mesa de neg\u00f3cios conduzida pelo Conselho Regional de Contabilidade (CRC) e o Conselho Regional de Administra\u00e7\u00e3o (CRA), proporcionando um espa\u00e7o para networking e discuss\u00e3o de ideias.<\/p>\n<p>Este encontro \u00e9 uma oportunidade \u00fanica para empreendedores, empres\u00e1rios e lideran\u00e7as locais conhecerem projetos e iniciativas que podem impulsionar seus neg\u00f3cios e fortalecer a economia regional.<\/p>\n<p>A participa\u00e7\u00e3o de todos \u00e9 de grande import\u00e2ncia para o sucesso do evento e para consolidar o compromisso com o crescimento e a inova\u00e7\u00e3o em Col\u00edder e regi\u00e3o. Marque na agenda e participe!<\/p>\n<figure class=\"image\"><img decoding=\"async\" src=\"https:\/\/www.admin.nortaoonline.com\/upload\/9\/32119\/6787a2876bc8507309.jpg\" \/><\/figure>\n<\/div>\n<div class=\"font-weight-bold grey--text text--darken-2 mb-4\" data-v-71457620=\"\">Fonte: Angela Foga\u00e7a\/Nort\u00e3o Online<\/div>\n","protected":false},"excerpt":{"rendered":"<p>Por: Angela Foga\u00e7a\/Nort\u00e3o Online Foto por: Reprodu\u00e7\u00e3o A Prefeitura Municipal de Col\u00edder, em parceria com<\/p>\n","protected":false},"author":2,"featured_media":42543,"comment_status":"open","ping_status":"open","sticky":false,"template":"","format":"standard","meta":{"footnotes":""},"categories":[7,13],"tags":[],"aioseo_notices":[],"_links":{"self":[{"href":"https:\/\/portalnewsgta.com.br\/index.php\/wp-json\/wp\/v2\/posts\/42542"}],"collection":[{"href":"https:\/\/portalnewsgta.com.br\/index.php\/wp-json\/wp\/v2\/posts"}],"about":[{"href":"https:\/\/portalnewsgta.com.br\/index.php\/wp-json\/wp\/v2\/types\/post"}],"author":[{"embeddable":true,"href":"https:\/\/portalnewsgta.com.br\/index.php\/wp-json\/wp\/v2\/users\/2"}],"replies":[{"embeddable":true,"href":"https:\/\/portalnewsgta.com.br\/index.php\/wp-json\/wp\/v2\/comments?post=42542"}],"version-history":[{"count":1,"href":"https:\/\/portalnewsgta.com.br\/index.php\/wp-json\/wp\/v2\/posts\/42542\/revisions"}],"predecessor-version":[{"id":42544,"href":"https:\/\/portalnewsgta.com.br\/index.php\/wp-json\/wp\/v2\/posts\/42542\/revisions\/42544"}],"wp:featuredmedia":[{"embeddable":true,"href":"https:\/\/portalnewsgta.com.br\/index.php\/wp-json\/wp\/v2\/media\/42543"}],"wp:attachment":[{"href":"https:\/\/portalnewsgta.com.br\/index.php\/wp-json\/wp\/v2\/media?parent=42542"}],"wp:term":[{"taxonomy":"category","embeddable":true,"href":"https:\/\/portalnewsgta.com.br\/index.php\/wp-json\/wp\/v2\/categories?post=42542"},{"taxonomy":"post_tag","embeddable":true,"href":"https:\/\/portalnewsgta.com.br\/index.php\/wp-json\/wp\/v2\/tags?post=42542"}],"curies":[{"name":"wp","href":"https:\/\/api.w.org\/{rel}","templated":true}]}}