{"id":4214,"date":"2024-04-19T06:00:12","date_gmt":"2024-04-19T09:00:12","guid":{"rendered":"https:\/\/portalnewsgta.com.br\/index.php\/2024\/04\/18\/seciteci-forma-66-alunos-de-cursos-tecnicos-em-recursos-humanos-seguranca-do-trabalho-e-administracao\/"},"modified":"2024-04-19T07:51:28","modified_gmt":"2024-04-19T10:51:28","slug":"seciteci-forma-66-alunos-de-cursos-tecnicos-em-recursos-humanos-seguranca-do-trabalho-e-administracao","status":"publish","type":"post","link":"https:\/\/portalnewsgta.com.br\/index.php\/2024\/04\/19\/seciteci-forma-66-alunos-de-cursos-tecnicos-em-recursos-humanos-seguranca-do-trabalho-e-administracao\/","title":{"rendered":"Seciteci forma 66 alunos de cursos t\u00e9cnicos em Recursos Humanos, Seguran\u00e7a do Trabalho e Administra\u00e7\u00e3o"},"content":{"rendered":"<div>\n<div id=\"infocoweb\" class=\"infocoweb infocoweb_canal_61\" data-uuid=\"f9d611b7-0161-4074-a18d-0087d1ea4cac\">\n<div id=\"infocoweb_cabecalho\" class=\"infocoweb_cabecalho\"><\/div>\n<div id=\"infocoweb_corpo\" class=\"infocoweb_corpo\">\n<p>&nbsp;<\/p>\n<p dir=\"ltr\" style=\"text-align: justify;\">A Secretaria de Estado de Ci\u00eancia, Tecnologia e Inova\u00e7\u00e3o (Seciteci) realizou, nesta quarta-feira (17.04), a formatura dos alunos dos cursos t\u00e9cnicos de capacita\u00e7\u00e3o e qualifica\u00e7\u00e3o profissional. A cerim\u00f4nia ocorreu \u00e0s 19h30, no Cine Teatro Cuiab\u00e1.<\/p>\n<p dir=\"ltr\" style=\"text-align: justify;\">No total, se formaram 66 alunos, sendo 27 do curso de t\u00e9cnico em Administra\u00e7\u00e3o, 19 em Recursos Humanos e 20 em Seguran\u00e7a do Trabalho. A forma\u00e7\u00e3o \u00e9 oferecida pela Escola T\u00e9cnica Estadual de Educa\u00e7\u00e3o Profissional e Tecnol\u00f3gica de Cuiab\u00e1, que tem por finalidade preparar o aluno para atuar no mercado de trabalho.<\/p>\n<p dir=\"ltr\" style=\"text-align: justify;\">\u201cDurante o per\u00edodo de forma\u00e7\u00e3o pude conhecer muitas pessoas que, assim como eu, est\u00e3o em busca do mesmo: reconhecimento e novas oportunidades\u201d, disse Benedito Anuncia\u00e7\u00e3o, de 39 anos, um dos formandos do curso T\u00e9cnico em Seguran\u00e7a do Trabalho.<\/p>\n<p dir=\"ltr\" style=\"text-align: justify;\">O diretor da institui\u00e7\u00e3o, Maur\u00edcio Dias,\u00a0 celebrou o trabalho desenvolvido pela escola t\u00e9cnica, destacando a import\u00e2ncia das forma\u00e7\u00f5es para o mercado de trabalho no Estado de Mato Grosso.<\/p>\n<p dir=\"ltr\" style=\"text-align: justify;\">\u201cS\u00e3o turmas que iniciaram em 2022 e agora est\u00e3o com uma grande perspectiva de crescimento profissional. E cabe a n\u00f3s, respons\u00e1veis por oportunizar essas forma\u00e7\u00f5es, continuar a colocar cada vez mais profissionais qualificados no mercado de trabalho\u201d, pontuou.\n<\/p>\n<p dir=\"ltr\" style=\"text-align: justify;\">A solenidade de cola\u00e7\u00e3o de grau contou com a presen\u00e7a de familiares, professores, al\u00e9m de autoridades como o Secret\u00e1rio Adjunto de Educa\u00e7\u00e3o Profissional e Superior, Dimorvan Alencar Brescancim, e o Superintendente de Educa\u00e7\u00e3o Profissional e Tecnol\u00f3gica, Endrigo Antunes.<\/p>\n<p dir=\"ltr\" style=\"text-align: justify;\"><strong>ETEc Cuiab\u00e1<\/strong><\/p>\n<p dir=\"ltr\" style=\"text-align: justify;\">A Escola T\u00e9cnica Estadual de Cuiab\u00e1 possui atualmente 11 cursos t\u00e9cnicos para atender os anseios e demandas da regi\u00e3o. Os cursos t\u00e9cnicos est\u00e3o em um n\u00edvel entre o Ensino M\u00e9dio e o Ensino Superior, que\u00a0tem por finalidade preparar o aluno para atuar no mercado de trabalho. Para isso, os cursos s\u00e3o formatados visando \u00e0 aplica\u00e7\u00e3o de conhecimentos te\u00f3ricos e pr\u00e1ticos.<\/p>\n<p dir=\"ltr\" style=\"text-align: justify;\">O mercado de trabalho \u00e9 o foco e, portanto, \u00e9 adequado para pessoas que est\u00e3o buscando qualifica\u00e7\u00e3o profissional ou requalifica\u00e7\u00e3o. N\u00e3o h\u00e1 uma idade m\u00ednima, contudo \u00e9 necess\u00e1rio que o candidato tenha conclu\u00eddo o ensino fundamental.<\/p>\n<p id=\"infocoweb_fonte\" class=\"infocoweb_fonte\">Fonte: Governo MT \u2013 MT<\/p>\n<style>#infocoweb_cabecalho {<br \/>\n        display: inline-block;<br \/>\n        margin-top: -75px;<br \/>\n        position: absolute;<br \/>\n        right: 0;<br \/>\n    }<br \/>\n<\/style>\n<style><\/style>\n<\/div>\n<div id=\"infocoweb_rodape\" class=\"infocoweb_rodape\"><\/div>\n<\/div>\n<p>O post Seciteci forma 66 alunos de cursos t\u00e9cnicos em Recursos Humanos, Seguran\u00e7a do Trabalho e Administra\u00e7\u00e3o apareceu primeiro em Portal MT.<\/p>\n<\/div>\n","protected":false},"excerpt":{"rendered":"<p>&nbsp; A Secretaria de Estado de Ci\u00eancia, Tecnologia e Inova\u00e7\u00e3o (Seciteci) realizou, nesta quarta-feira (17.04),<\/p>\n","protected":false},"author":2,"featured_media":4215,"comment_status":"closed","ping_status":"closed","sticky":false,"template":"","format":"standard","meta":{"footnotes":""},"categories":[7],"tags":[],"aioseo_notices":[],"_links":{"self":[{"href":"https:\/\/portalnewsgta.com.br\/index.php\/wp-json\/wp\/v2\/posts\/4214"}],"collection":[{"href":"https:\/\/portalnewsgta.com.br\/index.php\/wp-json\/wp\/v2\/posts"}],"about":[{"href":"https:\/\/portalnewsgta.com.br\/index.php\/wp-json\/wp\/v2\/types\/post"}],"author":[{"embeddable":true,"href":"https:\/\/portalnewsgta.com.br\/index.php\/wp-json\/wp\/v2\/users\/2"}],"replies":[{"embeddable":true,"href":"https:\/\/portalnewsgta.com.br\/index.php\/wp-json\/wp\/v2\/comments?post=4214"}],"version-history":[{"count":1,"href":"https:\/\/portalnewsgta.com.br\/index.php\/wp-json\/wp\/v2\/posts\/4214\/revisions"}],"predecessor-version":[{"id":4291,"href":"https:\/\/portalnewsgta.com.br\/index.php\/wp-json\/wp\/v2\/posts\/4214\/revisions\/4291"}],"wp:featuredmedia":[{"embeddable":true,"href":"https:\/\/portalnewsgta.com.br\/index.php\/wp-json\/wp\/v2\/media\/4215"}],"wp:attachment":[{"href":"https:\/\/portalnewsgta.com.br\/index.php\/wp-json\/wp\/v2\/media?parent=4214"}],"wp:term":[{"taxonomy":"category","embeddable":true,"href":"https:\/\/portalnewsgta.com.br\/index.php\/wp-json\/wp\/v2\/categories?post=4214"},{"taxonomy":"post_tag","embeddable":true,"href":"https:\/\/portalnewsgta.com.br\/index.php\/wp-json\/wp\/v2\/tags?post=4214"}],"curies":[{"name":"wp","href":"https:\/\/api.w.org\/{rel}","templated":true}]}}