{"id":41817,"date":"2025-01-08T19:42:49","date_gmt":"2025-01-08T22:42:49","guid":{"rendered":"https:\/\/portalnewsgta.com.br\/index.php\/2025\/01\/08\/harry-e-meghan-markle-podem-ser-evacuados-de-mansao-por-risco-de-incendio\/"},"modified":"2025-01-08T19:42:49","modified_gmt":"2025-01-08T22:42:49","slug":"harry-e-meghan-markle-podem-ser-evacuados-de-mansao-por-risco-de-incendio","status":"publish","type":"post","link":"https:\/\/portalnewsgta.com.br\/index.php\/2025\/01\/08\/harry-e-meghan-markle-podem-ser-evacuados-de-mansao-por-risco-de-incendio\/","title":{"rendered":"Harry e Meghan Markle podem ser evacuados de mans\u00e3o por risco de inc\u00eandio"},"content":{"rendered":"<p>S\u00c3O PAULO, SP (UOL\/FOLHAPRESS) &#8211; O pr\u00edncipe Harry, 40, e sua esposa, Meghan Markle, 43, podem ser evacuados de sua mans\u00e3o na Calif\u00f3rnia, nos Estados Unidos, por alto risco de inc\u00eandio.<\/p>\n<div class=\"dummyPub\">\u00a0<\/div>\n<p>Parte da regi\u00e3o de Montecito, onde o m\u00f3vel fica localizado, foi classificada como de &#8220;alto risco&#8221; pelas autoridades competentes em meio aos inc\u00eandios em Los Angeles. Um representante da Southern California Edison, empresa respons\u00e1vel pela energia el\u00e9trica no condado de Santa B\u00e1rbara, confirmou ao jornal The Telegraph que h\u00e1 a possibilidade de que o fornecimento seja cortado em breve.<\/p>\n<p>Segundo ele, &#8220;a bandeira vermelha de aviso para o alto risco de inc\u00eandios florestais&#8221;. O porta-voz da companhia ainda relatou que diversos moradores &#8220;afetados&#8221; em Montecito e outras comunidades j\u00e1 estavam sendo contatados para deixarem seus im\u00f3veis.<\/p>\n<p>Os representantes do duque e da duquesa de Sussex n\u00e3o responderam \u00e0s tentativas de contato do site Page Six. Harry e Markle moram na mans\u00e3o com os filhos, Archie, 5, e Lilibet, 3, desde 2020, mesma \u00e9poca em que abriram m\u00e3o de suas posi\u00e7\u00f5es na monarquia brit\u00e2nica. A resid\u00eancia conta com nove quartos, 16 banheiros, al\u00e9m de quadra de t\u00eanis, jardins de rosa e uma casa anexa para h\u00f3spedes.<\/p>\n<p>Leia Tamb\u00e9m: <a href=\"https:\/\/www.noticiasaominuto.com.br\/celebridades\/2247276\/5-mansao-de-adam-brody-e-leighton-meester-e-destruida-em-incendio-nos-eua\" target=\"_blank\" rel=\"noopener\">Mans\u00e3o de Adam Brody e Leighton Meester \u00e9 destru\u00edda em inc\u00eandio nos EUA<\/a><\/p>\n<p>Fonte: noticiasaominuto.com.br<\/p>\n","protected":false},"excerpt":{"rendered":"<p>S\u00c3O PAULO, SP (UOL\/FOLHAPRESS) &#8211; O pr\u00edncipe Harry, 40, e sua esposa, Meghan Markle, 43,<\/p>\n","protected":false},"author":0,"featured_media":41818,"comment_status":"open","ping_status":"open","sticky":false,"template":"","format":"standard","meta":{"footnotes":""},"categories":[6],"tags":[],"aioseo_notices":[],"_links":{"self":[{"href":"https:\/\/portalnewsgta.com.br\/index.php\/wp-json\/wp\/v2\/posts\/41817"}],"collection":[{"href":"https:\/\/portalnewsgta.com.br\/index.php\/wp-json\/wp\/v2\/posts"}],"about":[{"href":"https:\/\/portalnewsgta.com.br\/index.php\/wp-json\/wp\/v2\/types\/post"}],"replies":[{"embeddable":true,"href":"https:\/\/portalnewsgta.com.br\/index.php\/wp-json\/wp\/v2\/comments?post=41817"}],"version-history":[{"count":0,"href":"https:\/\/portalnewsgta.com.br\/index.php\/wp-json\/wp\/v2\/posts\/41817\/revisions"}],"wp:featuredmedia":[{"embeddable":true,"href":"https:\/\/portalnewsgta.com.br\/index.php\/wp-json\/wp\/v2\/media\/41818"}],"wp:attachment":[{"href":"https:\/\/portalnewsgta.com.br\/index.php\/wp-json\/wp\/v2\/media?parent=41817"}],"wp:term":[{"taxonomy":"category","embeddable":true,"href":"https:\/\/portalnewsgta.com.br\/index.php\/wp-json\/wp\/v2\/categories?post=41817"},{"taxonomy":"post_tag","embeddable":true,"href":"https:\/\/portalnewsgta.com.br\/index.php\/wp-json\/wp\/v2\/tags?post=41817"}],"curies":[{"name":"wp","href":"https:\/\/api.w.org\/{rel}","templated":true}]}}