{"id":41771,"date":"2025-01-08T13:46:51","date_gmt":"2025-01-08T16:46:51","guid":{"rendered":"https:\/\/portalnewsgta.com.br\/index.php\/2025\/01\/08\/mercado-pode-fazer-abel-dar-chance-a-esquecido-e-cria-da-base\/"},"modified":"2025-01-08T13:46:51","modified_gmt":"2025-01-08T16:46:51","slug":"mercado-pode-fazer-abel-dar-chance-a-esquecido-e-cria-da-base","status":"publish","type":"post","link":"https:\/\/portalnewsgta.com.br\/index.php\/2025\/01\/08\/mercado-pode-fazer-abel-dar-chance-a-esquecido-e-cria-da-base\/","title":{"rendered":"Mercado pode fazer Abel dar chance a &#8216;esquecido&#8217; e cria da base"},"content":{"rendered":"<p>(UOL\/FOLHAPRESS) &#8211; A dificuldade do Palmeiras em concretizar a contrata\u00e7\u00e3o de um meio-campista para concorrer com Raphael Veiga no mercado pode abrir espa\u00e7o para dois jogadores do elenco em 2025.<\/p>\n<div class=\"dummyPub\">\u00a0<\/div>\n<p>SOLU\u00c7\u00d5ES CASEIRAS<\/p>\n<p>O Palmeiras tenta a contrata\u00e7\u00e3o de um meio-campista. A diretoria insiste por Andreas Pereira, do Fulham, mas tamb\u00e9m tem Matheus Pereira (Cruzeiro) e Math\u00edas Villasanti (Gr\u00eamio) na mira. Entretanto, os neg\u00f3cios s\u00e3o dif\u00edceis.<\/p>\n<p>A solu\u00e7\u00e3o pode estar em casa para Abel. &#8216;Esquecido&#8217; na \u00faltima temporada ap\u00f3s ser contratado ao Novorizontino, R\u00f4mulo exerce a mesma fun\u00e7\u00e3o de Raphael Veiga e come\u00e7a 2025 dispon\u00edvel. Ele disputou apenas 12 jogos no ano passado.<\/p>\n<p>A base tem outra solu\u00e7\u00e3o. Allan Elias, que vem jogando na Copinha, ser\u00e1 promovido \u00e0 equipe profissional. O atleta, que ainda n\u00e3o estreou na equipe de cima, completar\u00e1 21 anos em abril e n\u00e3o poder\u00e1 mais atuar pelo sub-20. O Palmeiras j\u00e1 informou que ele far\u00e1 parte do elenco principal nas competi\u00e7\u00f5es de 2025.<\/p>\n<p>Maur\u00edcio terminou 2024 como a op\u00e7\u00e3o mais usada por Abel. O meio-campista, no entanto, \u00e9 mais vers\u00e1til que os demais concorrentes e pode atuar pelos lados do campo.<\/p>\n<p>O Paulista pode ser um &#8220;laborat\u00f3rio&#8221; para Abel Ferreira experimentar op\u00e7\u00f5es. O Palmeiras estreia no dia 15, contra a Portuguesa. A competi\u00e7\u00e3o abre um calend\u00e1rio que ser\u00e1 cheio para o Verd\u00e3o, que ainda ter\u00e1 Super Mundial, Libertadores, Brasileir\u00e3o e Copa do Brasil.<\/p>\n<p>O Palmeiras pode at\u00e9 pausar a busca por um meia. Por estar classificado para o Super Mundial, o Verd\u00e3o ter\u00e1 uma janela de transfer\u00eancias extra entre os dias 1\u00ba e 10 de junho para contratar refor\u00e7os. A competi\u00e7\u00e3o come\u00e7a no dia 15 de junho para o Alviverde, que enfrentar\u00e1 o Porto, de Portugal, na estreia.<\/p>\n<p>REAPRESENTA\u00c7\u00c3O E ELENCO DO PALMEIRAS<\/p>\n<p>O Palmeiras se reapresentou na Academia de Futebol na \u00faltima segunda-feira (6) e os jogadores passaram por baterias de exames e testes nos dois dias de trabalho at\u00e9 aqui.<\/p>\n<p>Abel Ferreira ainda n\u00e3o est\u00e1 no comando. O treinador ganhou uma semana a mais de f\u00e9rias em Portugal para compensar dias a mais de trabalho depois do in\u00edcio das f\u00e9rias e voltar\u00e1 ao Brasil para a pr\u00f3xima semana.<\/p>\n<p>O elenco palmeirense tem duas novidades at\u00e9 aqui para o ano: os atacantes Facundo Torres e Paulinho. O segundo deles, contudo, est\u00e1 lesionado e deve ficar dispon\u00edvel a partir de mar\u00e7o. Por outro lado, Piquerez e Bruno Rodrigues est\u00e3o em reta final de recupera\u00e7\u00e3o e devem estar 100% durante o Paulista.<\/p>\n<p>Goleiros: Marcelo Lomba, Mateus e Weverton;<br \/>Zagueiros: Gustavo G\u00f3mez, Michel, Murilo, Naves e Vitor Reis;<br \/>Laterais-direitos: Agust\u00edn Giay, Marcos Rocha e Mayke;<br \/>Laterais-esquerdos: Caio Paulista, Piquerez e Vanderlan;<br \/>Meio-campistas: An\u00edbal Moreno, Fabinho, Z\u00e9 Rafael e Richard R\u00edos;<br \/>Meia-atacantes: Felipe Anderson, Maur\u00edcio, Raphael Veiga e R\u00f4mulo;<br \/>Atacantes: Bruno Rodrigues, Paulinho, Est\u00eav\u00e3o, Facundo Torres, Flaco L\u00f3pez e Rony.<\/p>\n<p>Leia Tamb\u00e9m: <a href=\"https:\/\/www.noticiasaominuto.com.br\/esporte\/2247059\/com-muitos-volantes-vasco-se-coloca-a-disposicao-do-mercado-para-negociar\" target=\"_blank\" rel=\"noopener\">Com muitos volantes, Vasco se coloca \u00e0 disposi\u00e7\u00e3o do mercado para negociar<\/a><\/p>\n<p>Fonte: noticiasaominuto.com.br<\/p>\n","protected":false},"excerpt":{"rendered":"<p>(UOL\/FOLHAPRESS) &#8211; A dificuldade do Palmeiras em concretizar a contrata\u00e7\u00e3o de um meio-campista para concorrer<\/p>\n","protected":false},"author":0,"featured_media":41772,"comment_status":"open","ping_status":"open","sticky":false,"template":"","format":"standard","meta":{"footnotes":""},"categories":[4],"tags":[],"aioseo_notices":[],"_links":{"self":[{"href":"https:\/\/portalnewsgta.com.br\/index.php\/wp-json\/wp\/v2\/posts\/41771"}],"collection":[{"href":"https:\/\/portalnewsgta.com.br\/index.php\/wp-json\/wp\/v2\/posts"}],"about":[{"href":"https:\/\/portalnewsgta.com.br\/index.php\/wp-json\/wp\/v2\/types\/post"}],"replies":[{"embeddable":true,"href":"https:\/\/portalnewsgta.com.br\/index.php\/wp-json\/wp\/v2\/comments?post=41771"}],"version-history":[{"count":0,"href":"https:\/\/portalnewsgta.com.br\/index.php\/wp-json\/wp\/v2\/posts\/41771\/revisions"}],"wp:featuredmedia":[{"embeddable":true,"href":"https:\/\/portalnewsgta.com.br\/index.php\/wp-json\/wp\/v2\/media\/41772"}],"wp:attachment":[{"href":"https:\/\/portalnewsgta.com.br\/index.php\/wp-json\/wp\/v2\/media?parent=41771"}],"wp:term":[{"taxonomy":"category","embeddable":true,"href":"https:\/\/portalnewsgta.com.br\/index.php\/wp-json\/wp\/v2\/categories?post=41771"},{"taxonomy":"post_tag","embeddable":true,"href":"https:\/\/portalnewsgta.com.br\/index.php\/wp-json\/wp\/v2\/tags?post=41771"}],"curies":[{"name":"wp","href":"https:\/\/api.w.org\/{rel}","templated":true}]}}