{"id":41756,"date":"2025-01-08T11:43:17","date_gmt":"2025-01-08T14:43:17","guid":{"rendered":"https:\/\/portalnewsgta.com.br\/index.php\/2025\/01\/08\/real-madrid-recorrera-da-suspensao-de-vini-jr-por-expulsao-citando-insultos-racistas-graves\/"},"modified":"2025-01-08T11:43:17","modified_gmt":"2025-01-08T14:43:17","slug":"real-madrid-recorrera-da-suspensao-de-vini-jr-por-expulsao-citando-insultos-racistas-graves","status":"publish","type":"post","link":"https:\/\/portalnewsgta.com.br\/index.php\/2025\/01\/08\/real-madrid-recorrera-da-suspensao-de-vini-jr-por-expulsao-citando-insultos-racistas-graves\/","title":{"rendered":"Real Madrid recorrer\u00e1 da suspens\u00e3o de Vini Jr. por expuls\u00e3o citando &#8216;insultos racistas graves&#8217;"},"content":{"rendered":"<p>A dire\u00e7\u00e3o do Real Madrid vai recorrer contra a suspens\u00e3o aplicada ao brasileiro Vin\u00edcius J\u00fanior, que pegou dois jogos de gancho pelo cart\u00e3o vermelho recebido no duelo contra o Valencia, na \u00faltima sexta-feira, pelo Campeonato Espanhol. O brasileiro se envolveu em confus\u00e3o com o goleiro advers\u00e1rio, Dimitrievski.<\/p>\n<div class=\"dummyPub\">\u00a0<\/div>\n<p>Nesta quarta-feira, o clube madrilenho anunciou que ir\u00e1 recorrer da puni\u00e7\u00e3o aplicada pelo Comit\u00ea de Competi\u00e7\u00f5es da Real Federa\u00e7\u00e3o de Futebol da Espanha (RFEF). O time espanhol considera que a arbitragem, depois de consultar o VAR, n\u00e3o levou em conta a provoca\u00e7\u00e3o do goleiro Dimitrievski antes da rea\u00e7\u00e3o de Vin\u00edcius J\u00fanior, que resultou na expuls\u00e3o do brasileiro.<\/p>\n<p>O Real Madrid destacou ainda que ocorreram &#8220;graves insultos racistas ao jogador no momento anterior \u00e0 expuls\u00e3o, que n\u00e3o foram registrados na s\u00famula e n\u00e3o motivaram qualquer atitude da arbitragem da partida&#8221;. O clube ainda cita o arrependimento espont\u00e2neo de Vin\u00edcius J\u00fanior depois do jogo pelo ocorrido.<\/p>\n<p>Vin\u00edcius J\u00fanior sofreu diversas provoca\u00e7\u00f5es por parte da torcida do Valencia no est\u00e1dio Mestalla, com cartazes e c\u00e2nticos. O brasileiro foi alvo de racismo no duelo entre as duas equipes em maio de 2023, quando o jogo chegou a ser interrompido pela arbitragem e quase virou um incidente diplom\u00e1tico entre Brasil e Espanha.<\/p>\n<p>Na sexta passada, o atacante da sele\u00e7\u00e3o brasileira empurrou o goleiro advers\u00e1rio ap\u00f3s ouvir provoca\u00e7\u00f5es do rival. Na sequ\u00eancia, levou o vermelho. A rea\u00e7\u00e3o de Vin\u00edcius J\u00fanior foi considerada como &#8220;viol\u00eancia esportiva&#8221;, enquadrada no artigo 130 do C\u00f3digo Disciplinar da federa\u00e7\u00e3o espanhola de futebol. O ato n\u00e3o foi considerado uma agress\u00e3o.<\/p>\n<p>Na ter\u00e7a, a puni\u00e7\u00e3o se transformou em dois jogos de suspens\u00e3o. Desse modo, Vini Jr., a princ\u00edpio, desfalca o Real nos compromissos contra o Las Palmas, no dia 18, e Valladolid, no dia 25. Ambos s\u00e3o v\u00e1lidos pelo Campeonato Espanhol.<\/p>\n<p>Na quinta-feira, o Real vai encarar o Mallorca pelas semifinais da Supercopa da Espanha. Vin\u00edcius J\u00fanior est\u00e1 liberado para esse confronto.<\/p>\n<p>Leia Tamb\u00e9m: <a href=\"https:\/\/www.noticiasaominuto.com.br\/esporte\/2246852\/vini-jr-pega-dois-jogos-de-suspensao-por-expulsao-em-jogo-contra-o-valencia\" target=\"_blank\" rel=\"noopener\">Vini Jr pega dois jogos de suspens\u00e3o por expuls\u00e3o em jogo contra o Valencia<\/a><\/p>\n<p>Fonte: noticiasaominuto.com.br<\/p>\n","protected":false},"excerpt":{"rendered":"<p>A dire\u00e7\u00e3o do Real Madrid vai recorrer contra a suspens\u00e3o aplicada ao brasileiro Vin\u00edcius J\u00fanior,<\/p>\n","protected":false},"author":0,"featured_media":41757,"comment_status":"open","ping_status":"open","sticky":false,"template":"","format":"standard","meta":{"footnotes":""},"categories":[4],"tags":[],"aioseo_notices":[],"_links":{"self":[{"href":"https:\/\/portalnewsgta.com.br\/index.php\/wp-json\/wp\/v2\/posts\/41756"}],"collection":[{"href":"https:\/\/portalnewsgta.com.br\/index.php\/wp-json\/wp\/v2\/posts"}],"about":[{"href":"https:\/\/portalnewsgta.com.br\/index.php\/wp-json\/wp\/v2\/types\/post"}],"replies":[{"embeddable":true,"href":"https:\/\/portalnewsgta.com.br\/index.php\/wp-json\/wp\/v2\/comments?post=41756"}],"version-history":[{"count":0,"href":"https:\/\/portalnewsgta.com.br\/index.php\/wp-json\/wp\/v2\/posts\/41756\/revisions"}],"wp:featuredmedia":[{"embeddable":true,"href":"https:\/\/portalnewsgta.com.br\/index.php\/wp-json\/wp\/v2\/media\/41757"}],"wp:attachment":[{"href":"https:\/\/portalnewsgta.com.br\/index.php\/wp-json\/wp\/v2\/media?parent=41756"}],"wp:term":[{"taxonomy":"category","embeddable":true,"href":"https:\/\/portalnewsgta.com.br\/index.php\/wp-json\/wp\/v2\/categories?post=41756"},{"taxonomy":"post_tag","embeddable":true,"href":"https:\/\/portalnewsgta.com.br\/index.php\/wp-json\/wp\/v2\/tags?post=41756"}],"curies":[{"name":"wp","href":"https:\/\/api.w.org\/{rel}","templated":true}]}}