{"id":41749,"date":"2025-01-08T10:01:49","date_gmt":"2025-01-08T13:01:49","guid":{"rendered":"https:\/\/portalnewsgta.com.br\/?p=41749"},"modified":"2025-01-08T10:01:49","modified_gmt":"2025-01-08T13:01:49","slug":"ministerio-lanca-edital-para-radios-educativas-em-sinop-e-mais-quatro-cidades","status":"publish","type":"post","link":"https:\/\/portalnewsgta.com.br\/index.php\/2025\/01\/08\/ministerio-lanca-edital-para-radios-educativas-em-sinop-e-mais-quatro-cidades\/","title":{"rendered":"Minist\u00e9rio lan\u00e7a edital para r\u00e1dios educativas em Sinop e mais quatro cidades"},"content":{"rendered":"<p>O Minist\u00e9rio das Comunica\u00e7\u00f5es lan\u00e7ou um edital de sele\u00e7\u00e3o p\u00fablica para inscri\u00e7\u00e3o das entidades interessadas em executar o servi\u00e7o de radiodifus\u00e3o sonora em frequ\u00eancia modulada (FM) para todo Brasil, com finalidade exclusivamente educativa. Em Mato Grosso, poder\u00e3o ser beneficiadas entidades em Sinop, Cac\u00e9res, Alto Taquari, Juruena e Nova Ol\u00edmpia.<\/p>\n<p>A inscri\u00e7\u00e3o dever\u00e1 ser feita, obrigatoriamente, pela plataforma de cidadania digital do governo federal. A entidade interessada ter\u00e1 at\u00e9 o dia 21 de mar\u00e7o deste ano para efetuar sua inscri\u00e7\u00e3o e encaminhar a documenta\u00e7\u00e3o exigida. \u201cAs r\u00e1dios educativas democratizam a comunica\u00e7\u00e3o e levam cultura e educa\u00e7\u00e3o a todos os lugares do pa\u00eds. Precisamos dar agilidade e incentivar que essas emissoras estejam presentes no maior n\u00famero de localidades poss\u00edvel\u201d, afirmou o ministro das Comunica\u00e7\u00f5es, Juscelino Filho, por meio de assessoria.<\/p>\n<p>Poder\u00e3o participar do processo seletivo as pessoas jur\u00eddicas de direito p\u00fablico interno, as institui\u00e7\u00f5es de educa\u00e7\u00e3o superior criadas e mantidas pela iniciativa privada, com sede no Brasil e credenciadas pelo Minist\u00e9rio da Educa\u00e7\u00e3o, e as funda\u00e7\u00f5es de direito privado cujos estatutos n\u00e3o contrariem o C\u00f3digo Brasileiro de Telecomunica\u00e7\u00f5es e legisla\u00e7\u00e3o correlata. O edital pode ser consultado no site do Minist\u00e9rio das Comunica\u00e7\u00f5es.<\/p>\n","protected":false},"excerpt":{"rendered":"<p>O Minist\u00e9rio das Comunica\u00e7\u00f5es lan\u00e7ou um edital de sele\u00e7\u00e3o p\u00fablica para inscri\u00e7\u00e3o das entidades interessadas<\/p>\n","protected":false},"author":2,"featured_media":41750,"comment_status":"open","ping_status":"open","sticky":false,"template":"","format":"standard","meta":{"footnotes":""},"categories":[13,2],"tags":[],"aioseo_notices":[],"_links":{"self":[{"href":"https:\/\/portalnewsgta.com.br\/index.php\/wp-json\/wp\/v2\/posts\/41749"}],"collection":[{"href":"https:\/\/portalnewsgta.com.br\/index.php\/wp-json\/wp\/v2\/posts"}],"about":[{"href":"https:\/\/portalnewsgta.com.br\/index.php\/wp-json\/wp\/v2\/types\/post"}],"author":[{"embeddable":true,"href":"https:\/\/portalnewsgta.com.br\/index.php\/wp-json\/wp\/v2\/users\/2"}],"replies":[{"embeddable":true,"href":"https:\/\/portalnewsgta.com.br\/index.php\/wp-json\/wp\/v2\/comments?post=41749"}],"version-history":[{"count":1,"href":"https:\/\/portalnewsgta.com.br\/index.php\/wp-json\/wp\/v2\/posts\/41749\/revisions"}],"predecessor-version":[{"id":41751,"href":"https:\/\/portalnewsgta.com.br\/index.php\/wp-json\/wp\/v2\/posts\/41749\/revisions\/41751"}],"wp:featuredmedia":[{"embeddable":true,"href":"https:\/\/portalnewsgta.com.br\/index.php\/wp-json\/wp\/v2\/media\/41750"}],"wp:attachment":[{"href":"https:\/\/portalnewsgta.com.br\/index.php\/wp-json\/wp\/v2\/media?parent=41749"}],"wp:term":[{"taxonomy":"category","embeddable":true,"href":"https:\/\/portalnewsgta.com.br\/index.php\/wp-json\/wp\/v2\/categories?post=41749"},{"taxonomy":"post_tag","embeddable":true,"href":"https:\/\/portalnewsgta.com.br\/index.php\/wp-json\/wp\/v2\/tags?post=41749"}],"curies":[{"name":"wp","href":"https:\/\/api.w.org\/{rel}","templated":true}]}}