{"id":41746,"date":"2025-01-08T09:58:58","date_gmt":"2025-01-08T12:58:58","guid":{"rendered":"https:\/\/portalnewsgta.com.br\/?p=41746"},"modified":"2025-01-08T09:58:58","modified_gmt":"2025-01-08T12:58:58","slug":"tce-e-associacao-definem-encontro-com-novos-prefeitos-de-mato-grosso-para-gestao-eficiente","status":"publish","type":"post","link":"https:\/\/portalnewsgta.com.br\/index.php\/2025\/01\/08\/tce-e-associacao-definem-encontro-com-novos-prefeitos-de-mato-grosso-para-gestao-eficiente\/","title":{"rendered":"TCE e associa\u00e7\u00e3o definem encontro com novos prefeitos de Mato Grosso para \u2018gest\u00e3o eficiente\u2019"},"content":{"rendered":"<p>O Tribunal de Contas de Mato Grosso e a Associa\u00e7\u00e3o Mato-grossense dos Munic\u00edpios realizam, nos dias 18 e 19 de fevereiro, no Cenarium Rural, em Cuiab\u00e1, o Encontro Mato-grossense de Munic\u00edpios. O evento reunir\u00e1 os prefeitos eleitos e reeleitos e suas equipes para discutir os principais desafios e solu\u00e7\u00f5es para uma gest\u00e3o p\u00fablica eficiente, inovadora e sustent\u00e1vel.<\/p>\n<p>O encontro contar\u00e1 com a presen\u00e7a de nomes de destaque no cen\u00e1rio nacional, como o ex-presidente da Rep\u00fablica Michel Temer, que far\u00e1 a palestra magna na manh\u00e3 do dia 18, al\u00e9m do presidente da Confedera\u00e7\u00e3o Nacional dos Munic\u00edpios, Paulo Ziulkoski, do secret\u00e1rio de Seguran\u00e7a P\u00fablica de S\u00e3o Paulo, Guilherme Derrite, e do ministro do Tribunal de Contas da Uni\u00e3o (TCU) Augusto Nardes. Tamb\u00e9m j\u00e1 est\u00e1 confirmada a participa\u00e7\u00e3o do governador de Mato Grosso, Mauro Mendes, que falar\u00e1 sobre a reforma tribut\u00e1ria.<\/p>\n<p>As inscri\u00e7\u00f5es para o evento est\u00e3o abertas e podem ser feitas por meio dos sites da associa\u00e7\u00e3o e do TCE. O presidente do TCE em Mato Grosso, conselheiro S\u00e9rgio Ricardo, salientou a magnitude do encontro e da parceria para sua realiza\u00e7\u00e3o. \u201cNunca existiu um encontro como esse que vamos realizar e nunca existiu uma parceria com tantas institui\u00e7\u00f5es envolvidas e estamos fazendo isso porque h\u00e1 necessidade. Quase metade dos prefeitos s\u00e3o novos e o Tribunal de Contas n\u00e3o quer punir, n\u00e3o quer reprovar contas e s\u00f3 se consegue atingir essa excel\u00eancia quando se prepara o gestor, quando se orienta e \u00e9 isso que estamos fazendo.\u201d<\/p>\n<p>J\u00e1 o presidente da AMM, Leonardo Bortolin, ressaltou a import\u00e2ncia da participa\u00e7\u00e3o dos prefeitos no evento, que tamb\u00e9m contar\u00e1 com a presen\u00e7a de vereadores, secret\u00e1rios, entre outros l\u00edderes municipais. \u201cTeremos a presen\u00e7a de importantes lideran\u00e7as nacionais que v\u00e3o compartilhar suas experi\u00eancias na gest\u00e3o p\u00fablica e apontar caminhos para uma gest\u00e3o eficiente, transparente, inovadora e sustent\u00e1vel. Ser\u00e1 o maior evento municipalista do ano, com uma ampla programa\u00e7\u00e3o t\u00e9cnica que ser\u00e1 conduzida por especialistas em v\u00e1rias \u00e1reas de atua\u00e7\u00e3o\u201d, assinalou.<\/p>\n<p>O ciclo de palestras vai abordar os principais temas da administra\u00e7\u00e3o p\u00fablica com representantes de v\u00e1rias institui\u00e7\u00f5es, como Tribunal de Contas da Uni\u00e3o, Minist\u00e9rio P\u00fablico do Estado, Minist\u00e9rio da Gest\u00e3o e Inova\u00e7\u00e3o, entre outros. Est\u00e3o tamb\u00e9m programados v\u00e1rios pain\u00e9is tem\u00e1ticos, com a participa\u00e7\u00e3o de conselheiros e t\u00e9cnicos do TCE-MT, deputados estaduais, al\u00e9m de representantes de colegiados das \u00e1reas da sa\u00fade, educa\u00e7\u00e3o, assist\u00eancia social e cons\u00f3rcios intermunicipais.<\/p>\n","protected":false},"excerpt":{"rendered":"<p>O Tribunal de Contas de Mato Grosso e a Associa\u00e7\u00e3o Mato-grossense dos Munic\u00edpios realizam, nos<\/p>\n","protected":false},"author":2,"featured_media":41747,"comment_status":"open","ping_status":"open","sticky":false,"template":"","format":"standard","meta":{"footnotes":""},"categories":[13,2],"tags":[],"aioseo_notices":[],"_links":{"self":[{"href":"https:\/\/portalnewsgta.com.br\/index.php\/wp-json\/wp\/v2\/posts\/41746"}],"collection":[{"href":"https:\/\/portalnewsgta.com.br\/index.php\/wp-json\/wp\/v2\/posts"}],"about":[{"href":"https:\/\/portalnewsgta.com.br\/index.php\/wp-json\/wp\/v2\/types\/post"}],"author":[{"embeddable":true,"href":"https:\/\/portalnewsgta.com.br\/index.php\/wp-json\/wp\/v2\/users\/2"}],"replies":[{"embeddable":true,"href":"https:\/\/portalnewsgta.com.br\/index.php\/wp-json\/wp\/v2\/comments?post=41746"}],"version-history":[{"count":1,"href":"https:\/\/portalnewsgta.com.br\/index.php\/wp-json\/wp\/v2\/posts\/41746\/revisions"}],"predecessor-version":[{"id":41748,"href":"https:\/\/portalnewsgta.com.br\/index.php\/wp-json\/wp\/v2\/posts\/41746\/revisions\/41748"}],"wp:featuredmedia":[{"embeddable":true,"href":"https:\/\/portalnewsgta.com.br\/index.php\/wp-json\/wp\/v2\/media\/41747"}],"wp:attachment":[{"href":"https:\/\/portalnewsgta.com.br\/index.php\/wp-json\/wp\/v2\/media?parent=41746"}],"wp:term":[{"taxonomy":"category","embeddable":true,"href":"https:\/\/portalnewsgta.com.br\/index.php\/wp-json\/wp\/v2\/categories?post=41746"},{"taxonomy":"post_tag","embeddable":true,"href":"https:\/\/portalnewsgta.com.br\/index.php\/wp-json\/wp\/v2\/tags?post=41746"}],"curies":[{"name":"wp","href":"https:\/\/api.w.org\/{rel}","templated":true}]}}