{"id":41728,"date":"2025-01-08T09:35:26","date_gmt":"2025-01-08T12:35:26","guid":{"rendered":"https:\/\/portalnewsgta.com.br\/?p=41728"},"modified":"2025-01-08T09:35:26","modified_gmt":"2025-01-08T12:35:26","slug":"emanuel-nao-tera-espaco-para-disputar-qualquer-cargo-no-mdb-diz-janaina","status":"publish","type":"post","link":"https:\/\/portalnewsgta.com.br\/index.php\/2025\/01\/08\/emanuel-nao-tera-espaco-para-disputar-qualquer-cargo-no-mdb-diz-janaina\/","title":{"rendered":"Emanuel n\u00e3o ter\u00e1 espa\u00e7o para disputar &#8216;qualquer cargo&#8217; no MDB, diz Janaina"},"content":{"rendered":"<div class=\"col-xs-12 col-sm-12 col-md-12 col-lg-12 mb10\">\n<div class=\"row\">\n<div class=\"col-xs-12 col-sm-12 col-md-12 col-lg-12 mb15\">\n<div class=\"row\">\n<div class=\"col-xs-12 col-sm-11 col-md-11 col-lg-11 autorer\"><span class=\"autores_fontes_nome\">Allan Mesquita<\/span><\/p>\n<p class=\"autores_fontes_email\">allan@gazetadigital.com.br<\/p>\n<\/div>\n<\/div>\n<\/div>\n<\/div>\n<\/div>\n<div class=\"col-xs-12 col-sm-12 col-md-12 col-lg-12 mb30\">\n<p class=\"credito-1\">Vinicius Mendes<\/p>\n<p><span class=\"img-conteudo pull-left\"><a href=\"https:\/\/www.gazetadigital.com.br\/storage\/webdisco\/2025\/01\/07\/1200x900\/61fd5c46813ba307c01f45c968b639e6.jpg\" data-fancybox=\"gallery\" data-caption=\"Vinicius Mendes\"><img decoding=\"async\" src=\"https:\/\/www.gazetadigital.com.br\/storage\/webdisco\/2025\/01\/07\/431x285\/61fd5c46813ba307c01f45c968b639e6.jpg\" alt=\"Vinicius Mendes\" \/><\/a><\/span><\/p>\n<p class=\"img-conteudo-desc\">\n<div id=\"text-content\" class=\"mb20\">\n<p>O ex-prefeito Emanuel Pinheiro n\u00e3o deve ter um caminho f\u00e1cil para disputar \u201cqualquer cargo pol\u00edtico\u201d pelo Movimento Democr\u00e1tico Brasileiro (MDB) nas elei\u00e7\u00f5es de 2026. Isso porque o gestor vai precisar do aval da alta c\u00fapula do partido, ainda liderado pelo ex-deputado federal Carlos Bezerra.<\/p>\n<p>Emanuel cogita disputar o cargo de deputado federal, estadual, Senado e at\u00e9 o governo do Estado. No entanto, outras lideran\u00e7as do partido tamb\u00e9m j\u00e1 est\u00e3o de olho nos cargos majorit\u00e1rios. Uma delas \u00e9 a deputada estadual Janaina Riva, que pode buscar um mandato de senadora.<\/p>\n<p>Em entrevista \u00e0 imprensa, Janaina afirmou que Emanuel tem a liberdade de pleitear seu espa\u00e7o internamente. Contudo, disse que tudo ser\u00e1 avaliado pelo grupo. \u201cSer candidato a qualquer cargo, j\u00e1 \u00e9 outra coisa. Isso vai ser discutido pela estadual\u201d, disse a deputada ao comentar sobre a possibilidade de Emanuel ser candidato, nesta ter\u00e7a-feira (7).<\/p>\n<p>Ap\u00f3s diversas desaven\u00e7as pol\u00edticas, Janaina ainda afirmou que apenas mant\u00e9m uma rela\u00e7\u00e3o cordial com seu correligion\u00e1rio.<\/p>\n<p>\u201cHoje falamos o trivial, mas n\u00e3o somos amigos como eramos no passado. J\u00e1 brigamos muito politicamente, tivemos muitas diverg\u00eancias, principalmente dentro do MDB\u201d, acrescentou.<\/p>\n<\/div>\n<\/div>\n","protected":false},"excerpt":{"rendered":"<p>Allan Mesquita allan@gazetadigital.com.br Vinicius Mendes O ex-prefeito Emanuel Pinheiro n\u00e3o deve ter um caminho f\u00e1cil<\/p>\n","protected":false},"author":2,"featured_media":41729,"comment_status":"open","ping_status":"open","sticky":false,"template":"","format":"standard","meta":{"footnotes":""},"categories":[13,2],"tags":[625],"aioseo_notices":[],"_links":{"self":[{"href":"https:\/\/portalnewsgta.com.br\/index.php\/wp-json\/wp\/v2\/posts\/41728"}],"collection":[{"href":"https:\/\/portalnewsgta.com.br\/index.php\/wp-json\/wp\/v2\/posts"}],"about":[{"href":"https:\/\/portalnewsgta.com.br\/index.php\/wp-json\/wp\/v2\/types\/post"}],"author":[{"embeddable":true,"href":"https:\/\/portalnewsgta.com.br\/index.php\/wp-json\/wp\/v2\/users\/2"}],"replies":[{"embeddable":true,"href":"https:\/\/portalnewsgta.com.br\/index.php\/wp-json\/wp\/v2\/comments?post=41728"}],"version-history":[{"count":1,"href":"https:\/\/portalnewsgta.com.br\/index.php\/wp-json\/wp\/v2\/posts\/41728\/revisions"}],"predecessor-version":[{"id":41730,"href":"https:\/\/portalnewsgta.com.br\/index.php\/wp-json\/wp\/v2\/posts\/41728\/revisions\/41730"}],"wp:featuredmedia":[{"embeddable":true,"href":"https:\/\/portalnewsgta.com.br\/index.php\/wp-json\/wp\/v2\/media\/41729"}],"wp:attachment":[{"href":"https:\/\/portalnewsgta.com.br\/index.php\/wp-json\/wp\/v2\/media?parent=41728"}],"wp:term":[{"taxonomy":"category","embeddable":true,"href":"https:\/\/portalnewsgta.com.br\/index.php\/wp-json\/wp\/v2\/categories?post=41728"},{"taxonomy":"post_tag","embeddable":true,"href":"https:\/\/portalnewsgta.com.br\/index.php\/wp-json\/wp\/v2\/tags?post=41728"}],"curies":[{"name":"wp","href":"https:\/\/api.w.org\/{rel}","templated":true}]}}