{"id":40718,"date":"2024-12-30T14:42:43","date_gmt":"2024-12-30T17:42:43","guid":{"rendered":"https:\/\/portalnewsgta.com.br\/index.php\/2024\/12\/30\/memorial-de-ayrton-senna-em-imola-e-vandalizado\/"},"modified":"2024-12-30T14:42:43","modified_gmt":"2024-12-30T17:42:43","slug":"memorial-de-ayrton-senna-em-imola-e-vandalizado","status":"publish","type":"post","link":"https:\/\/portalnewsgta.com.br\/index.php\/2024\/12\/30\/memorial-de-ayrton-senna-em-imola-e-vandalizado\/","title":{"rendered":"Memorial de Ayrton Senna em Imola \u00e9 vandalizado"},"content":{"rendered":"<p>\u00a0<br \/>O memorial de Ayrton Senna, localizado no circuito de Imola, na It\u00e1lia, foi alvo de vandalismo na v\u00e9spera de Natal, conforme informou o portal Formula Passion.<\/p>\n<div class=\"dummyPub\">\u00a0<\/div>\n<p>Tudo indica que um grupo de jovens invadiu o aut\u00f3dromo de Imola \u00e0 noite e queimou v\u00e1rias bandeiras pr\u00f3ximas \u00e0 est\u00e1tua de Ayrton Senna. Felizmente, a est\u00e1tua em si n\u00e3o foi danificada.<\/p>\n<p>O munic\u00edpio de Imola se manifestou sobre o ocorrido, condenando &#8220;os danos causados aos objetos deixados no memorial de Senna, que representa um importante patrim\u00f4nio para a cidade&#8221;.<\/p>\n<p>? Imagen de los actos vand\u00e1licos en el memorial de Senna en Imola durante la Nochebuena<\/p>\n<p>Los autores fueron unos j\u00f3venes que entraron por la noche para beber alcohol antes de entrar en una discoteca de la zona.<\/p>\n<p>Quemaron cortinas y banderas.<\/p>\n<p>[<a href=\"https:\/\/twitter.com\/FormulaPassion?ref_src=twsrc%5Etfw\">@FormulaPassion<\/a>]<a href=\"https:\/\/twitter.com\/hashtag\/F1?src=hash&amp;ref_src=twsrc%5Etfw\">#F1<\/a> <a href=\"https:\/\/t.co\/JbyD8HnhFs\">pic.twitter.com\/JbyD8HnhFs<\/a><\/p>\n<p>\u2014 F\u00f3rmula Directa (@FormulaDirecta) <a href=\"https:\/\/twitter.com\/FormulaDirecta\/status\/1873290151004418386?ref_src=twsrc%5Etfw\">December 29, 2024<\/a><\/p>\n<p>Fonte: noticiasaominuto.com.br<\/p>\n","protected":false},"excerpt":{"rendered":"<p>\u00a0O memorial de Ayrton Senna, localizado no circuito de Imola, na It\u00e1lia, foi alvo de<\/p>\n","protected":false},"author":0,"featured_media":40719,"comment_status":"open","ping_status":"open","sticky":false,"template":"","format":"standard","meta":{"footnotes":""},"categories":[4],"tags":[],"aioseo_notices":[],"_links":{"self":[{"href":"https:\/\/portalnewsgta.com.br\/index.php\/wp-json\/wp\/v2\/posts\/40718"}],"collection":[{"href":"https:\/\/portalnewsgta.com.br\/index.php\/wp-json\/wp\/v2\/posts"}],"about":[{"href":"https:\/\/portalnewsgta.com.br\/index.php\/wp-json\/wp\/v2\/types\/post"}],"replies":[{"embeddable":true,"href":"https:\/\/portalnewsgta.com.br\/index.php\/wp-json\/wp\/v2\/comments?post=40718"}],"version-history":[{"count":0,"href":"https:\/\/portalnewsgta.com.br\/index.php\/wp-json\/wp\/v2\/posts\/40718\/revisions"}],"wp:featuredmedia":[{"embeddable":true,"href":"https:\/\/portalnewsgta.com.br\/index.php\/wp-json\/wp\/v2\/media\/40719"}],"wp:attachment":[{"href":"https:\/\/portalnewsgta.com.br\/index.php\/wp-json\/wp\/v2\/media?parent=40718"}],"wp:term":[{"taxonomy":"category","embeddable":true,"href":"https:\/\/portalnewsgta.com.br\/index.php\/wp-json\/wp\/v2\/categories?post=40718"},{"taxonomy":"post_tag","embeddable":true,"href":"https:\/\/portalnewsgta.com.br\/index.php\/wp-json\/wp\/v2\/tags?post=40718"}],"curies":[{"name":"wp","href":"https:\/\/api.w.org\/{rel}","templated":true}]}}