{"id":4068,"date":"2024-04-18T09:44:57","date_gmt":"2024-04-18T12:44:57","guid":{"rendered":"https:\/\/portalnewsgta.com.br\/index.php\/2024\/04\/18\/teixeira-diz-que-santos-e-o-lugar-ideal-para-neymar-se-recuperar-para-copa-de-2026\/"},"modified":"2024-04-18T09:44:57","modified_gmt":"2024-04-18T12:44:57","slug":"teixeira-diz-que-santos-e-o-lugar-ideal-para-neymar-se-recuperar-para-copa-de-2026","status":"publish","type":"post","link":"https:\/\/portalnewsgta.com.br\/index.php\/2024\/04\/18\/teixeira-diz-que-santos-e-o-lugar-ideal-para-neymar-se-recuperar-para-copa-de-2026\/","title":{"rendered":"Teixeira diz que Santos \u00e9 o lugar ideal para Neymar se recuperar para Copa de 2026"},"content":{"rendered":"<p>O sonho de voltar a ter Neymar vestindo a camisa do Santos em meio \u00e0 grave crise financeira que o clube atravessa foi externado pelo presidente Marcelo Teixeira durante entrevista coletiva nesta quarta-feira. Em um ano em que, pela primeira vez na hist\u00f3ria, a agremia\u00e7\u00e3o disputa a S\u00e9rie B do Campeonato Brasileiro, o mandat\u00e1rio recorreu ao lado afetivo do atleta para aventar a possibilidade de um retorno.<\/p>\n<div class=\"dummyPub\"><\/div>\n<p>Teixeira argumentou que o Santos seria o lugar ideal para Neymar voltar \u00e0 forma (o jogador se recupera de grave les\u00e3o no ligamento cruzado anterior e menisco do joelho esquerdo) e se preparar para a Copa do Mundo de 2026.<\/p>\n<p>&#8220;O Neymar tem uma rela\u00e7\u00e3o profissional e afetiva com o Santos. Tem um contrato vigente, mas estamos acompanhando. Tenho contato di\u00e1rio com ele e com o pai. Para se preparar melhor visando uma Copa do Mundo, nada melhor do que estar em casa, ao lado da torcida santista&#8221;, disse o dirigente.<\/p>\n<p>O atacante tem v\u00ednculo com o Al-Hilal, da Ar\u00e1bia Saudita, at\u00e9 junho de 2025. No in\u00edcio do ano que vem, o atleta j\u00e1 pode firmar um pr\u00e9-contrato com outra equipe. Ap\u00f3s levantar a hip\u00f3tese de ter o artilheiro, Teixeira tratou de jogar a responsabilidade da volta para o atleta.<\/p>\n<p>&#8220;Essa n\u00e3o \u00e9 uma decis\u00e3o minha ou do Santos. \u00c9 uma decis\u00e3o que cabe ao Neymar. O que posso dizer \u00e9 que a rela\u00e7\u00e3o dele com o clube continua muito forte. Ele foi criado aqui e obteve grandes conquistas&#8221;, comentou.<\/p>\n<p>Sem atuar desde o jogo com o Uruguai, no dia 17 de outubro, pelas eliminat\u00f3rias da Copa do Mundo da Am\u00e9rica do Sul, o atacante vem tratando de sua recupera\u00e7\u00e3o. Nas finais do Campeonato Paulista, essa reaproxima\u00e7\u00e3o aumentou a expectativa do torcedor santista em contar novamente com o futebol de Neymar.<\/p>\n<p>Fonte: noticiasaominuto.com.br<\/p>\n","protected":false},"excerpt":{"rendered":"<p>O sonho de voltar a ter Neymar vestindo a camisa do Santos em meio \u00e0<\/p>\n","protected":false},"author":0,"featured_media":4069,"comment_status":"open","ping_status":"open","sticky":false,"template":"","format":"standard","meta":{"footnotes":""},"categories":[4],"tags":[],"aioseo_notices":[],"_links":{"self":[{"href":"https:\/\/portalnewsgta.com.br\/index.php\/wp-json\/wp\/v2\/posts\/4068"}],"collection":[{"href":"https:\/\/portalnewsgta.com.br\/index.php\/wp-json\/wp\/v2\/posts"}],"about":[{"href":"https:\/\/portalnewsgta.com.br\/index.php\/wp-json\/wp\/v2\/types\/post"}],"replies":[{"embeddable":true,"href":"https:\/\/portalnewsgta.com.br\/index.php\/wp-json\/wp\/v2\/comments?post=4068"}],"version-history":[{"count":0,"href":"https:\/\/portalnewsgta.com.br\/index.php\/wp-json\/wp\/v2\/posts\/4068\/revisions"}],"wp:featuredmedia":[{"embeddable":true,"href":"https:\/\/portalnewsgta.com.br\/index.php\/wp-json\/wp\/v2\/media\/4069"}],"wp:attachment":[{"href":"https:\/\/portalnewsgta.com.br\/index.php\/wp-json\/wp\/v2\/media?parent=4068"}],"wp:term":[{"taxonomy":"category","embeddable":true,"href":"https:\/\/portalnewsgta.com.br\/index.php\/wp-json\/wp\/v2\/categories?post=4068"},{"taxonomy":"post_tag","embeddable":true,"href":"https:\/\/portalnewsgta.com.br\/index.php\/wp-json\/wp\/v2\/tags?post=4068"}],"curies":[{"name":"wp","href":"https:\/\/api.w.org\/{rel}","templated":true}]}}