{"id":3996,"date":"2024-04-18T07:42:42","date_gmt":"2024-04-18T10:42:42","guid":{"rendered":"https:\/\/portalnewsgta.com.br\/index.php\/2024\/04\/18\/cristiano-ronaldo-se-declara-a-filha-cacula-em-dia-de-aniversario\/"},"modified":"2024-04-18T07:42:42","modified_gmt":"2024-04-18T10:42:42","slug":"cristiano-ronaldo-se-declara-a-filha-cacula-em-dia-de-aniversario","status":"publish","type":"post","link":"https:\/\/portalnewsgta.com.br\/index.php\/2024\/04\/18\/cristiano-ronaldo-se-declara-a-filha-cacula-em-dia-de-aniversario\/","title":{"rendered":"Cristiano Ronaldo se declara \u00e0 filha ca\u00e7ula em dia de anivers\u00e1rio"},"content":{"rendered":"<p>Hoje \u00e9 dia de comemora\u00e7\u00e3o na casa de Cristiano Ronaldo! A filha mais nova do jogador de futebol, fruto de seu relacionamento com Georgina Rodr\u00edguez, completa dois anos de vida nesta quinta-feira, 18 de abril.<\/p>\n<div class=\"dummyPub\"><\/div>\n<p>O craque celebrou a data especial nas redes sociais com uma publica\u00e7\u00e3o emocionante. &#8220;Feliz anivers\u00e1rio, meu amor. N\u00f3s te amamos&#8221;, escreveu na legenda de uma foto ador\u00e1vel da menina.<\/p>\n<p>Vale ressaltar que CR7 e Gio tamb\u00e9m s\u00e3o pais de Alana Martina, que tem seis anos de idade.<\/p>\n<div><a href=\"https:\/\/www.instagram.com\/p\/C55O2XfgbVl\/?utm_source=ig_embed&amp;utm_campaign=loading\" target=\"_blank\" rel=\"noopener\"><\/p>\n<div>\n<div><\/div>\n<div>\n<div><\/div>\n<div><\/div>\n<\/div>\n<\/div>\n<div><\/div>\n<div><\/div>\n<div>\n<div>View this post on Instagram<\/div>\n<\/div>\n<div><\/div>\n<div>\n<div>\n<div><\/div>\n<div><\/div>\n<div><\/div>\n<\/div>\n<div>\n<div><\/div>\n<div><\/div>\n<\/div>\n<div>\n<div><\/div>\n<div><\/div>\n<div><\/div>\n<\/div>\n<\/div>\n<div>\n<div><\/div>\n<div><\/div>\n<\/div>\n<p><\/a><\/p>\n<p><a href=\"https:\/\/www.instagram.com\/p\/C55O2XfgbVl\/?utm_source=ig_embed&amp;utm_campaign=loading\" target=\"_blank\" rel=\"noopener\">A post shared by Cristiano Ronaldo (@cristiano)<\/a><\/p>\n<\/div>\n<p>Ronaldo tamb\u00e9m tem mais tr\u00eas filhos &#8211; Cristianinho, de 13 anos, e os g\u00eameos Mateo e Eva, de seis, que nasceram atrav\u00e9s de uma barriga de aluguel.<\/p>\n<p>Leia Tamb\u00e9m: <a href=\"https:\/\/www.noticiasaominuto.com.br\/esporte\/2138969\/daniel-alves-e-joana-sanz-passeiam-por-barcelona-de-maos-dadas\" target=\"_blank\" rel=\"noopener\">Daniel Alves e Joana Sanz passeiam por Barcelona de m\u00e3os dadas<\/a><\/p>\n<p>Fonte: noticiasaominuto.com.br<\/p>\n","protected":false},"excerpt":{"rendered":"<p>Hoje \u00e9 dia de comemora\u00e7\u00e3o na casa de Cristiano Ronaldo! A filha mais nova do<\/p>\n","protected":false},"author":0,"featured_media":3997,"comment_status":"open","ping_status":"open","sticky":false,"template":"","format":"standard","meta":{"footnotes":""},"categories":[6],"tags":[],"aioseo_notices":[],"_links":{"self":[{"href":"https:\/\/portalnewsgta.com.br\/index.php\/wp-json\/wp\/v2\/posts\/3996"}],"collection":[{"href":"https:\/\/portalnewsgta.com.br\/index.php\/wp-json\/wp\/v2\/posts"}],"about":[{"href":"https:\/\/portalnewsgta.com.br\/index.php\/wp-json\/wp\/v2\/types\/post"}],"replies":[{"embeddable":true,"href":"https:\/\/portalnewsgta.com.br\/index.php\/wp-json\/wp\/v2\/comments?post=3996"}],"version-history":[{"count":0,"href":"https:\/\/portalnewsgta.com.br\/index.php\/wp-json\/wp\/v2\/posts\/3996\/revisions"}],"wp:featuredmedia":[{"embeddable":true,"href":"https:\/\/portalnewsgta.com.br\/index.php\/wp-json\/wp\/v2\/media\/3997"}],"wp:attachment":[{"href":"https:\/\/portalnewsgta.com.br\/index.php\/wp-json\/wp\/v2\/media?parent=3996"}],"wp:term":[{"taxonomy":"category","embeddable":true,"href":"https:\/\/portalnewsgta.com.br\/index.php\/wp-json\/wp\/v2\/categories?post=3996"},{"taxonomy":"post_tag","embeddable":true,"href":"https:\/\/portalnewsgta.com.br\/index.php\/wp-json\/wp\/v2\/tags?post=3996"}],"curies":[{"name":"wp","href":"https:\/\/api.w.org\/{rel}","templated":true}]}}