{"id":38097,"date":"2024-12-06T21:43:31","date_gmt":"2024-12-07T00:43:31","guid":{"rendered":"https:\/\/portalnewsgta.com.br\/index.php\/2024\/12\/06\/sao-paulo-encerra-a-preparacao-para-encarar-o-botafogo-e-zubeldia-deve-usar-time-reserva\/"},"modified":"2024-12-06T21:43:31","modified_gmt":"2024-12-07T00:43:31","slug":"sao-paulo-encerra-a-preparacao-para-encarar-o-botafogo-e-zubeldia-deve-usar-time-reserva","status":"publish","type":"post","link":"https:\/\/portalnewsgta.com.br\/index.php\/2024\/12\/06\/sao-paulo-encerra-a-preparacao-para-encarar-o-botafogo-e-zubeldia-deve-usar-time-reserva\/","title":{"rendered":"S\u00e3o Paulo encerra a prepara\u00e7\u00e3o para encarar o Botafogo e Zubeld\u00eda deve usar time reserva"},"content":{"rendered":"<p>Com o objetivo de garantir a vaga na fase de grupos da Libertadores conquistado, o S\u00e3o Paulo deve mandar a campo, no domingo, uma equipe reserva para enfrentar o Botafogo em partida que marca a \u00faltima rodada do Campeonato Brasileiro, sob o argumento de preservar os atletas mais desgastados.<\/p>\n<div class=\"dummyPub\">\u00a0<\/div>\n<p>Na atividade desta sexta-feira, no CT da Barra Funda, o treinador argentino Luis Zubeld\u00eda dividiu o elenco em dois grupos e realizou trabalhos de mobilidade, al\u00e9m de exerc\u00edcios f\u00edsicos. Na sequ\u00eancia, ele orientou um treino de posse de bola e um coletivo com espa\u00e7o reduzido.<\/p>\n<p>Fora do time nas \u00faltimas partidas por causa de dores na coxa esquerda, o centroavante Calleri mais uma vez deve ficar fora. Ele vinha sendo submetido a tratamento intensivo e o cuidado do departamento m\u00e9dico agora \u00e9 preparar o atleta para a temporada 2025.<\/p>\n<p>Assim, Andr\u00e9 Silva \u00e9 a op\u00e7\u00e3o para continuar atuando no comando do ataque s\u00e3o-paulino. A partida vai ser uma oportunidade para o comandante observar os atletas com menor minutagem no duelo com os cariocas no est\u00e1dio do Engenh\u00e3o.<\/p>\n<p>Com 59 pontos, o S\u00e3o Paulo ocupa a sexta coloca\u00e7\u00e3o no Campeonato Brasileiro. Nas \u00faltimas cinco rodadas, a queda de produ\u00e7\u00e3o da equipe no torneio foi flagrante. A \u00faltima vit\u00f3ria neste recorte foi um 2 a 1 sobre o Athletico-PR no dia 9 de novembro. Depois disso, os comandados de Zubeld\u00eda empataram com Red Bull Bragantino (1 a 1) e Atl\u00e9tico-MG (2 a 2) e depois sofreram duas derrotas seguidas para o Gr\u00eamio (2 a 1) e o Juventude (2 a 1).<\/p>\n<p>Fonte: noticiasaominuto.com.br<\/p>\n","protected":false},"excerpt":{"rendered":"<p>Com o objetivo de garantir a vaga na fase de grupos da Libertadores conquistado, o<\/p>\n","protected":false},"author":0,"featured_media":38098,"comment_status":"open","ping_status":"open","sticky":false,"template":"","format":"standard","meta":{"footnotes":""},"categories":[4],"tags":[],"aioseo_notices":[],"_links":{"self":[{"href":"https:\/\/portalnewsgta.com.br\/index.php\/wp-json\/wp\/v2\/posts\/38097"}],"collection":[{"href":"https:\/\/portalnewsgta.com.br\/index.php\/wp-json\/wp\/v2\/posts"}],"about":[{"href":"https:\/\/portalnewsgta.com.br\/index.php\/wp-json\/wp\/v2\/types\/post"}],"replies":[{"embeddable":true,"href":"https:\/\/portalnewsgta.com.br\/index.php\/wp-json\/wp\/v2\/comments?post=38097"}],"version-history":[{"count":0,"href":"https:\/\/portalnewsgta.com.br\/index.php\/wp-json\/wp\/v2\/posts\/38097\/revisions"}],"wp:featuredmedia":[{"embeddable":true,"href":"https:\/\/portalnewsgta.com.br\/index.php\/wp-json\/wp\/v2\/media\/38098"}],"wp:attachment":[{"href":"https:\/\/portalnewsgta.com.br\/index.php\/wp-json\/wp\/v2\/media?parent=38097"}],"wp:term":[{"taxonomy":"category","embeddable":true,"href":"https:\/\/portalnewsgta.com.br\/index.php\/wp-json\/wp\/v2\/categories?post=38097"},{"taxonomy":"post_tag","embeddable":true,"href":"https:\/\/portalnewsgta.com.br\/index.php\/wp-json\/wp\/v2\/tags?post=38097"}],"curies":[{"name":"wp","href":"https:\/\/api.w.org\/{rel}","templated":true}]}}