{"id":37800,"date":"2024-12-05T11:00:19","date_gmt":"2024-12-05T14:00:19","guid":{"rendered":"https:\/\/portalnewsgta.com.br\/index.php\/2024\/12\/05\/policia-civil-prende-em-flagrante-um-dos-autores-de-homicidio-de-pastor\/"},"modified":"2024-12-05T11:00:19","modified_gmt":"2024-12-05T14:00:19","slug":"policia-civil-prende-em-flagrante-um-dos-autores-de-homicidio-de-pastor","status":"publish","type":"post","link":"https:\/\/portalnewsgta.com.br\/index.php\/2024\/12\/05\/policia-civil-prende-em-flagrante-um-dos-autores-de-homicidio-de-pastor\/","title":{"rendered":"Pol\u00edcia Civil prende em flagrante um dos autores de homic\u00eddio de pastor"},"content":{"rendered":"<div>\n<div id=\"infocoweb\" data-uuid=\"1c292bc3-5e6a-4c5b-bb09-b21b3ef69a25\" class=\"infocoweb infocoweb_canal_61\">\n<div id=\"infocoweb_cabecalho\" class=\"infocoweb_cabecalho\"><\/div>\n<div id=\"infocoweb_corpo\" class=\"infocoweb_corpo\"><span class=\"ifn_post_add_feature_image_to_the_top\"><\/span><\/p>\n<p style=\"text-align: justify\">A Delegacia da Pol\u00edcia Civil de Tangar\u00e1 da Serra prendeu em flagrante um dos autores do homic\u00eddio do pastor Severino Amaro de Lima, de 70 anos, morto no \u00faltimo domingo. A pris\u00e3o ocorreu na segunda-feira (02), durante as dilig\u00eancias para esclarecer a morte do l\u00edder religioso. <\/p>\n<p style=\"text-align: justify\">Assim que a delegacia foi comunicada sobre o crime, foram iniciadas as dilig\u00eancias para esclarecimento do homic\u00eddio e, na segunda-feira, foi localizado um dos envolvidos no crime. Ap\u00f3s a pris\u00e3o e a audi\u00eancia de cust\u00f3dia na Justi\u00e7a, ele teve o flagrante convertido em pris\u00e3o preventiva.<\/p>\n<p style=\"text-align: justify\">A equipe da Pol\u00edcia Civil em Tangar\u00e1 da Serra identificou os outros tr\u00eas envolvidos no homic\u00eddio e apurou que o crime teria sido motivado depois de uma discuss\u00e3o por um inquilino do pastor que devia ao grupo que cometeu o homic\u00eddio.<\/p>\n<p style=\"text-align: justify\">O delegado respons\u00e1vel pela investiga\u00e7\u00e3o, Igor Sassaki, explica que a v\u00edtima era propriet\u00e1ria de um pr\u00e9dio de quitinetes e alugava uma delas para um mec\u00e2nico, que estava devendo um servi\u00e7o de reparo em um ve\u00edculo para suspeitos de uma fac\u00e7\u00e3o criminosa.<\/p>\n<p style=\"text-align: justify\">Na data do crime, os suspeitos foram \u00e0 resid\u00eancia cobrar o servi\u00e7o ao mec\u00e2nico e quiseram levar o documento do ve\u00edculo do pastor como se a v\u00edtima devesse garantir a d\u00edvida. Houve uma discuss\u00e3o, seguida de luta corporal, e a v\u00edtima foi morta a golpes de arma cortante.<\/p>\n<p style=\"text-align: justify\">Os outros tr\u00eas envolvidos se apresentaram na Delegacia de Tangar\u00e1 da Serra, nesta quarta-feira, ap\u00f3s passado o per\u00edodo de flagrante. Em interrogat\u00f3rio, os investigados alegaram leg\u00edtima defesa, o que n\u00e3o condiz com o que foi apurado pela Pol\u00edcia Civil, uma vez que estavam em maior n\u00famero que a v\u00edtima.<\/p>\n<p style=\"text-align: justify\">As investiga\u00e7\u00f5es prosseguem para reunir outras informa\u00e7\u00f5es necess\u00e1rias ao inqu\u00e9rito policial e conclus\u00e3o do procedimento.<\/p>\n<p id=\"infocoweb_fonte\" class=\"infocoweb_fonte\">Fonte: Governo MT \u2013 MT<\/p>\n<style>#infocoweb_cabecalho {\n        display: inline-block;\n        margin-top: -75px;\n        position: absolute;\n        right: 0;\n    }\n<\/style>\n<style><\/style>\n<\/div>\n<div id=\"infocoweb_rodape\" class=\"infocoweb_rodape\"><\/div>\n<\/div>\n<p>O post Pol\u00edcia Civil prende em flagrante um dos autores de homic\u00eddio de pastor apareceu primeiro em Portal MT.<\/p>\n<\/div>\n","protected":false},"excerpt":{"rendered":"<p>A Delegacia da Pol\u00edcia Civil de Tangar\u00e1 da Serra prendeu em flagrante um dos autores<\/p>\n","protected":false},"author":2,"featured_media":37801,"comment_status":"registered_only","ping_status":"closed","sticky":false,"template":"","format":"standard","meta":{"footnotes":""},"categories":[7],"tags":[],"aioseo_notices":[],"_links":{"self":[{"href":"https:\/\/portalnewsgta.com.br\/index.php\/wp-json\/wp\/v2\/posts\/37800"}],"collection":[{"href":"https:\/\/portalnewsgta.com.br\/index.php\/wp-json\/wp\/v2\/posts"}],"about":[{"href":"https:\/\/portalnewsgta.com.br\/index.php\/wp-json\/wp\/v2\/types\/post"}],"author":[{"embeddable":true,"href":"https:\/\/portalnewsgta.com.br\/index.php\/wp-json\/wp\/v2\/users\/2"}],"replies":[{"embeddable":true,"href":"https:\/\/portalnewsgta.com.br\/index.php\/wp-json\/wp\/v2\/comments?post=37800"}],"version-history":[{"count":0,"href":"https:\/\/portalnewsgta.com.br\/index.php\/wp-json\/wp\/v2\/posts\/37800\/revisions"}],"wp:featuredmedia":[{"embeddable":true,"href":"https:\/\/portalnewsgta.com.br\/index.php\/wp-json\/wp\/v2\/media\/37801"}],"wp:attachment":[{"href":"https:\/\/portalnewsgta.com.br\/index.php\/wp-json\/wp\/v2\/media?parent=37800"}],"wp:term":[{"taxonomy":"category","embeddable":true,"href":"https:\/\/portalnewsgta.com.br\/index.php\/wp-json\/wp\/v2\/categories?post=37800"},{"taxonomy":"post_tag","embeddable":true,"href":"https:\/\/portalnewsgta.com.br\/index.php\/wp-json\/wp\/v2\/tags?post=37800"}],"curies":[{"name":"wp","href":"https:\/\/api.w.org\/{rel}","templated":true}]}}