{"id":37758,"date":"2024-12-04T21:00:44","date_gmt":"2024-12-05T00:00:44","guid":{"rendered":"https:\/\/portalnewsgta.com.br\/index.php\/2024\/12\/04\/servidores-da-almt-participam-da-27-conferencia-da-unale-no-rio-de-janeiro\/"},"modified":"2024-12-04T21:00:44","modified_gmt":"2024-12-05T00:00:44","slug":"servidores-da-almt-participam-da-27-conferencia-da-unale-no-rio-de-janeiro","status":"publish","type":"post","link":"https:\/\/portalnewsgta.com.br\/index.php\/2024\/12\/04\/servidores-da-almt-participam-da-27-conferencia-da-unale-no-rio-de-janeiro\/","title":{"rendered":"Servidores da ALMT participam da 27 Confer\u00eancia da Unale, no Rio de Janeiro"},"content":{"rendered":"<div>\n<div id=\"infocoweb\" data-uuid=\"b64940f6-77e7-44b8-9537-39dea3724697\" class=\"infocoweb infocoweb_canal_44\">\n<div id=\"infocoweb_cabecalho\" class=\"infocoweb_cabecalho\"><\/div>\n<div id=\"infocoweb_corpo\" class=\"infocoweb_corpo\"><span class=\"ifn_post_add_feature_image_to_the_top\"><\/span><\/p>\n<p style=\"text-align:justify\">Deputados estaduais e servidores da Assembleia Legislativa de Mato Grosso participam na 27\u00aa Confer\u00eancia da Uni\u00e3o Nacional dos Legisladores e Legislativos Estaduais (Unale), na cidade do Rio de Janeiro. O evento, que teve in\u00edcio na ter\u00e7a-feira (3) vai at\u00e9 a pr\u00f3xima quinta-feira (5), conta com a participa\u00e7\u00e3o de representantes de todas as casas legislativas estaduais do Brasil e traz o tema \u201cO Futuro da Educa\u00e7\u00e3o\u201d.<\/p>\n<p style=\"text-align:justify\">Considerada a maior reuni\u00e3o de assembleias da Am\u00e9rica Latina, o encontro re\u00fane este ano mais de mil servidores legislativos de todo pa\u00eds. No primeiro dia, os participantes acompanharam encontros de entidades legislativas que representam \u00e1reas de atua\u00e7\u00e3o nas Assembleias e C\u00e2maras Municipais. Ao longo dos pr\u00f3ximos dias, acontecem debates e workshops sobre aspectos da educa\u00e7\u00e3o, com foco em inova\u00e7\u00e3o pedag\u00f3gica, educa\u00e7\u00e3o ambiental, o papel das escolas legislativas, a conex\u00e3o entre neuroci\u00eancia e educa\u00e7\u00e3o, e o papel do jornalismo na constru\u00e7\u00e3o do pensamento cr\u00edtico.<\/p>\n<p style=\"text-align:justify\">O deputado J\u00falio Campos (Uni\u00e3o) participou da abertura do evento, integrando o Parlamento Amaz\u00f4nico, colegiado que re\u00fane representantes dos nove estados que comp\u00f5em a Amaz\u00f4nia Legal. <\/p>\n<p>\u201cO Parlamento Amaz\u00f4nico \u00e9 um bra\u00e7o forte da Unale e no encontro de hoje, n\u00f3s decidimos que a partir do ano que vem faremos reuni\u00f5es anuais permanentes\u201d, adiantou o parlamentar. A primeira reuni\u00e3o ser\u00e1 em Bel\u00e9m, em fevereiro de 2025, para discutir a participa\u00e7\u00e3o efetiva do bloco no encontro da COP 30\u2033. <\/p>\n<p>As servidoras da TV Assembleia de Mato Grosso, Viviane Marques e Priscila Almeida, apresentaram um caso de sucesso realizado pela emissora, no encontro da Associa\u00e7\u00e3o Brasileira de Televis\u00f5es e R\u00e1dios Legislativas (Astral). O projeto \u201cPega a Vis\u00e3o\u201d, aborda a linguagem de sinais, a Libra, e surgiu a partir de uma demanda que visa acessibilidade, conforme explicou Viviane, uma das idealizadoras.  <\/p>\n<p>\u201cA ideia surgiu a partir de outro projeto que foi a da audiodescri\u00e7\u00e3o, onde os parlamentares descreviam sua apar\u00eancia para que pessoas cegas ou com baixa pudessem fazer uma identifica\u00e7\u00e3o\u201d, descreveu. durante o processo vimos que alguns citaram que possuem a identifica\u00e7\u00e3o na linguagem de sinais. Diante disso observamos que seria bom ampliar a acessibilidade com a identifica\u00e7\u00e3o de sinais para todos os parlamentares e o resultado foi positivo\u201d, afirmou. \u201c\u00c9 muito bom desenvolver um trabalho de acessibilidade como esse numa emissora p\u00fablica. Isso n\u00e3o \u00e9 comum ainda em nenhuma emissora, ent\u00e3o esse projeto coloca a ALMT em destaque mostrando um trabalho diferenciado e de muita qualidade\u201d, comemora Priscila.<\/p>\n<p><strong>Trof\u00e9u Assembleia Cidad\u00e3<\/strong><\/p>\n<p>Al\u00e9m da programa\u00e7\u00e3o com palestras e cursos, a Unale tamb\u00e9m premia projetos inovadores com o trof\u00e9u Trof\u00e9u Assembleia Cidad\u00e3. Este ano Assembleia Legislativa de Mato Grosso (ALMT) \u00e9 uma das  finalistas da 5\u00aa edi\u00e7\u00e3o do pr\u00eamio. O Parlamento mato-grossense concorre em duas categorias: a de Gest\u00e3o e a de Atendimento ao Cidad\u00e3o.<\/p>\n<p>Elas foram selecionadas pelo desenvolvimento de metodologia \u00e0 \u2018Moderniza\u00e7\u00e3o, Controle e Acompanhamento das Emendas Parlamentares na Assembleia Legislativa de Mato Grosso\u2019 e a outra por levar servi\u00e7os gratuitos ao cidad\u00e3o no \u2018Espa\u00e7o de Identifica\u00e7\u00e3o Infantil\u2019.  <\/p>\n<p>\u201c\u00c9 a primeira vez na hist\u00f3ria que mato grosso est\u00e1 entre os finalistas e isso j\u00e1 \u00e9 motivo de muito orgulho pelo reconhecimento do nosso trabalho\u201d, comemorou Jana\u00edna Polla, idealizadora do projeto \u201cGest\u00e3o P\u00fablica\u201d. A indica\u00e7\u00e3o para a disputa do pr\u00eamio Unale Assembleia Cidad\u00e3 veio por interm\u00e9dio da Consultoria Institucional de Acompanhamento Financeiro e Or\u00e7ament\u00e1rio (CIAFO), que \u00e9 um \u00f3rg\u00e3o t\u00e9cnico de trabalho e auxilia os deputados a sugerirem de forma transparente e eficiente as emendas parlamentares na lei or\u00e7ament\u00e1ria estadual. Com esse trabalho, j\u00e1 foi poss\u00edvel, entre os anos de 2021 e 2022, destinar R$ 1,2 bilh\u00e3o em emendas.    <\/p>\n<p>O outro projeto finalista \u00e9 o \u201cEspa\u00e7o de Identifica\u00e7\u00e3o Infantil\u201d, que atende os pequenos cidad\u00e3os mato-grossenses, de zero a cinco anos, e tamb\u00e9m os at\u00edpicos. O posto de identifica\u00e7\u00e3o da ALMT \u00e9 o primeiro do Brasil a oferecer biometria para a confec\u00e7\u00e3o da Carteira de Identidade Nacional (CIN) a crian\u00e7as rec\u00e9m-nascidas.  <\/p>\n<p>Os projetos foram enviados pelas Assembleias Legislativas de todo o pa\u00eds nas categorias Gest\u00e3o, Atendimento ao Cidad\u00e3o e Projetos Especiais. O resultado das vota\u00e7\u00f5es ser\u00e1 divulgado no encerramento do congresso.<\/p>\n<p id=\"infocoweb_fonte\" class=\"infocoweb_fonte\">Fonte: ALMT \u2013 MT<\/p>\n<style>#infocoweb_cabecalho {\n        display: inline-block;\n        margin-top: -75px;\n        position: absolute;\n        right: 0;\n    }\n<\/style>\n<style><\/style>\n<\/div>\n<div id=\"infocoweb_rodape\" class=\"infocoweb_rodape\"><\/div>\n<\/div>\n<p>O post Servidores da ALMT participam da 27 Confer\u00eancia da Unale, no Rio de Janeiro apareceu primeiro em Portal MT.<\/p>\n<\/div>\n","protected":false},"excerpt":{"rendered":"<p>Deputados estaduais e servidores da Assembleia Legislativa de Mato Grosso participam na 27\u00aa Confer\u00eancia da<\/p>\n","protected":false},"author":2,"featured_media":37759,"comment_status":"registered_only","ping_status":"closed","sticky":false,"template":"","format":"standard","meta":{"footnotes":""},"categories":[2],"tags":[],"aioseo_notices":[],"_links":{"self":[{"href":"https:\/\/portalnewsgta.com.br\/index.php\/wp-json\/wp\/v2\/posts\/37758"}],"collection":[{"href":"https:\/\/portalnewsgta.com.br\/index.php\/wp-json\/wp\/v2\/posts"}],"about":[{"href":"https:\/\/portalnewsgta.com.br\/index.php\/wp-json\/wp\/v2\/types\/post"}],"author":[{"embeddable":true,"href":"https:\/\/portalnewsgta.com.br\/index.php\/wp-json\/wp\/v2\/users\/2"}],"replies":[{"embeddable":true,"href":"https:\/\/portalnewsgta.com.br\/index.php\/wp-json\/wp\/v2\/comments?post=37758"}],"version-history":[{"count":0,"href":"https:\/\/portalnewsgta.com.br\/index.php\/wp-json\/wp\/v2\/posts\/37758\/revisions"}],"wp:featuredmedia":[{"embeddable":true,"href":"https:\/\/portalnewsgta.com.br\/index.php\/wp-json\/wp\/v2\/media\/37759"}],"wp:attachment":[{"href":"https:\/\/portalnewsgta.com.br\/index.php\/wp-json\/wp\/v2\/media?parent=37758"}],"wp:term":[{"taxonomy":"category","embeddable":true,"href":"https:\/\/portalnewsgta.com.br\/index.php\/wp-json\/wp\/v2\/categories?post=37758"},{"taxonomy":"post_tag","embeddable":true,"href":"https:\/\/portalnewsgta.com.br\/index.php\/wp-json\/wp\/v2\/tags?post=37758"}],"curies":[{"name":"wp","href":"https:\/\/api.w.org\/{rel}","templated":true}]}}