{"id":37756,"date":"2024-12-04T21:00:36","date_gmt":"2024-12-05T00:00:36","guid":{"rendered":"https:\/\/portalnewsgta.com.br\/index.php\/2024\/12\/04\/estudantes-do-centro-de-ressocializacao-ahmenon-lemos-participam-de-mostra-de-trabalhos-pedagogicos\/"},"modified":"2024-12-04T21:00:36","modified_gmt":"2024-12-05T00:00:36","slug":"estudantes-do-centro-de-ressocializacao-ahmenon-lemos-participam-de-mostra-de-trabalhos-pedagogicos","status":"publish","type":"post","link":"https:\/\/portalnewsgta.com.br\/index.php\/2024\/12\/04\/estudantes-do-centro-de-ressocializacao-ahmenon-lemos-participam-de-mostra-de-trabalhos-pedagogicos\/","title":{"rendered":"Estudantes do Centro de Ressocializa\u00e7\u00e3o Ahmenon Lemos participam de mostra de trabalhos pedag\u00f3gicos"},"content":{"rendered":"<div>\n<div id=\"infocoweb\" data-uuid=\"de42c0c0-b144-4b2d-ae5c-99c23374a806\" class=\"infocoweb infocoweb_canal_61\">\n<div id=\"infocoweb_cabecalho\" class=\"infocoweb_cabecalho\"><\/div>\n<div id=\"infocoweb_corpo\" class=\"infocoweb_corpo\"><span class=\"ifn_post_add_feature_image_to_the_top\"><\/span><\/p>\n<p style=\"text-align:justify;margin-bottom:11px\"><span style=\"font-size:11pt\"><span style=\"line-height:107%\"><span style=\"font-family:Calibri,sans-serif\"><\/span><\/span><\/span><\/p>\n<p style=\"margin-bottom: 11px;text-align: justify\">Cerca de 340 das 900 pessoas que cumprem pena no Centro de Ressocializa\u00e7\u00e3o Industrial Ahmenon Lemos Dantas, em V\u00e1rzea Grande, e estudam na sala anexa da Escola Estadual Luis Pedroso da Silva participaram, nesta ter\u00e7a-feira (03.11), da 1\u00aa Mostra de Trabalhos Pedag\u00f3gicos. Todos os materiais foram produzidos durante o ano letivo de 2024.<\/p>\n<p style=\"text-align: justify\">De acordo com Rodolpho Lugato, representante do N\u00facleo de Educa\u00e7\u00e3o Socioeducativo e Prisional da Secretaria de Estado de Educa\u00e7\u00e3o (Seduc-MT), o evento demonstra o poder transformador da educa\u00e7\u00e3o no sistema prisional e evidencia a import\u00e2ncia da educa\u00e7\u00e3o na ressocializa\u00e7\u00e3o dos detentos e no processo de reintegra\u00e7\u00e3o \u00e0 sociedade.<\/p>\n<p style=\"text-align: justify\">Durante a mostra, os reeducandos apresentaram banners, trabalhos manuais, artesanatos e pesquisas cient\u00edficas criadas em sala de aula ao longo do ano.<\/p>\n<p style=\"text-align: justify\">O diretor substituto do Centro de Ressocializa\u00e7\u00e3o, Adriano Francicane, destacou a relev\u00e2ncia das a\u00e7\u00f5es educacionais no sistema prisional. \u201cA educa\u00e7\u00e3o e o trabalho no processo de ressocializa\u00e7\u00e3o s\u00e3o fundamentais. S\u00e3o essas a\u00e7\u00f5es que preparam o reeducando para a reintegra\u00e7\u00e3o \u00e0 sociedade. A mostra \u00e9 uma forma de celebrar esse esfor\u00e7o coletivo, que traz uma nova chance para muitos alunos\u201d, disse Adriano.<\/p>\n<p style=\"text-align: justify\">Diversos reeducandos participaram ativamente da exposi\u00e7\u00e3o e suas hist\u00f3rias de supera\u00e7\u00e3o mostram o poder da educa\u00e7\u00e3o como ferramenta de mudan\u00e7a. Entre eles, J.R, de 42 anos, que est\u00e1 cursando o 1\u00ba ano do Ensino M\u00e9dio, compartilhou sua experi\u00eancia: \u201cEstou recuperando o tempo perdido, estudando e aprendendo o que n\u00e3o tive oportunidade antes. Vou mudar a minha vida\u201d, afirmou, ao mostrar parte do seu trabalho em pintura e artesanato.<\/p>\n<p style=\"text-align: justify\">Outro aluno, V.G, de 24 anos, que est\u00e1 no 8\u00ba ano do Ensino Fundamental, falou sobre o trabalho que desenvolveu com sua turma. \u201cFizemos v\u00e1rias atividades, como a confec\u00e7\u00e3o de sacolas em formato de urso, al\u00e9m de bijuterias. Tamb\u00e9m trabalhamos com reciclagem, criando projetos como sacolas feitas de materiais reaproveitados. A ideia \u00e9 usar esse aprendizado para, no futuro, buscarmos um caminho como empreendedor\u201d, contou Vitor.<\/p>\n<p style=\"text-align: center\"><source><img decoding=\"async\" alt=\"\" height=\"266\" src=\"https:\/\/www.secom.mt.gov.br\/documents\/d\/seduc\/whatsapp-image-2024-12-04-at-15-27-58-1-jpeg?imageThumbnail=3\">      <\/source><br \/>                                                                                  <span style=\"font-size:10px\"><em>  Rayane Alves<\/em><\/span><\/p>\n<p style=\"text-align: justify\">A diretora adjunta da Diretoria Regional de Educa\u00e7\u00e3o Metropolitana (DRE), Alessandra Aparecida da Silva, tamb\u00e9m prestigiou o evento e parabenizou os reeducandos e professores. \u201c\u00c9 uma honra participar deste evento. Ver os trabalhos bel\u00edssimos feitos pelos alunos \u00e9 um testemunho do comprometimento e da dedica\u00e7\u00e3o. A educa\u00e7\u00e3o \u00e9 essencial para a transforma\u00e7\u00e3o de vidas. O que importa n\u00e3o \u00e9 a redu\u00e7\u00e3o da pena, mas a aquisi\u00e7\u00e3o de conhecimento, que prepara esses alunos para uma vida melhor\u201d, afirmou.<\/p>\n<p style=\"text-align: justify\">A professora Cl\u00e1udia Miranda, respons\u00e1vel pela \u00e1rea de Humanas (Geografia, Hist\u00f3ria, Sociologia e Filosofia), tamb\u00e9m compartilhou um pouco do processo pedag\u00f3gico envolvido nos trabalhos. Ela pontuou que um dos projetos foi sobre a forma\u00e7\u00e3o do povo brasileiro, onde os alunos criaram uma maquete representando a chegada dos portugueses e o encontro com os ind\u00edgenas.<\/p>\n<p style=\"text-align: justify\">\u201cAl\u00e9m disso, os reeducandos desenvolveram uma f\u00e1brica de manilhas e um projeto de reciclagem, trabalhando habilidades pr\u00e1ticas que podem ser aplicadas na vida fora do sistema prisional. Esses projetos visam n\u00e3o apenas o conhecimento te\u00f3rico, mas a aplica\u00e7\u00e3o pr\u00e1tica, mostrando aos alunos que \u00e9 poss\u00edvel criar oportunidades de trabalho e desenvolvimento, mesmo dentro do sistema prisional\u201d, concluiu Cl\u00e1udia.<\/p>\n<p style=\"text-align: justify\">A diretora da escola Selma Gon\u00e7alves enfatizou o impacto positivo da educa\u00e7\u00e3o no futuro dos reeducandos. \u201cA educa\u00e7\u00e3o dentro da pris\u00e3o n\u00e3o s\u00f3 oferece o conhecimento necess\u00e1rio para a reintegra\u00e7\u00e3o, mas tamb\u00e9m ajuda a refletir sobre suas a\u00e7\u00f5es e mudan\u00e7as de comportamento. Aqui, eles t\u00eam a oportunidade de repensar o futuro e seguir um caminho mais positivo quando sa\u00edrem\u201d, finalizou.<\/p>\n<p style=\"text-align: center\"><source><img decoding=\"async\" alt=\"\" height=\"266\" src=\"https:\/\/www.secom.mt.gov.br\/documents\/d\/seduc\/whatsapp-image-2024-12-04-at-15-27-58-2-jpeg?imageThumbnail=3\">      <\/source><br \/>                                                                                    <span style=\"font-size:10px\"><em> Rayane Alves<\/em><\/span><\/p>\n<p id=\"infocoweb_fonte\" class=\"infocoweb_fonte\">Fonte: Governo MT \u2013 MT<\/p>\n<style>#infocoweb_cabecalho {\n        display: inline-block;\n        margin-top: -75px;\n        position: absolute;\n        right: 0;\n    }\n<\/style>\n<style><\/style>\n<\/div>\n<div id=\"infocoweb_rodape\" class=\"infocoweb_rodape\"><\/div>\n<\/div>\n<p>O post Estudantes do Centro de Ressocializa\u00e7\u00e3o Ahmenon Lemos participam de mostra de trabalhos pedag\u00f3gicos apareceu primeiro em Portal MT.<\/p>\n<\/div>\n","protected":false},"excerpt":{"rendered":"<p>Cerca de 340 das 900 pessoas que cumprem pena no Centro de Ressocializa\u00e7\u00e3o Industrial Ahmenon<\/p>\n","protected":false},"author":2,"featured_media":37757,"comment_status":"registered_only","ping_status":"closed","sticky":false,"template":"","format":"standard","meta":{"footnotes":""},"categories":[7],"tags":[],"aioseo_notices":[],"_links":{"self":[{"href":"https:\/\/portalnewsgta.com.br\/index.php\/wp-json\/wp\/v2\/posts\/37756"}],"collection":[{"href":"https:\/\/portalnewsgta.com.br\/index.php\/wp-json\/wp\/v2\/posts"}],"about":[{"href":"https:\/\/portalnewsgta.com.br\/index.php\/wp-json\/wp\/v2\/types\/post"}],"author":[{"embeddable":true,"href":"https:\/\/portalnewsgta.com.br\/index.php\/wp-json\/wp\/v2\/users\/2"}],"replies":[{"embeddable":true,"href":"https:\/\/portalnewsgta.com.br\/index.php\/wp-json\/wp\/v2\/comments?post=37756"}],"version-history":[{"count":0,"href":"https:\/\/portalnewsgta.com.br\/index.php\/wp-json\/wp\/v2\/posts\/37756\/revisions"}],"wp:featuredmedia":[{"embeddable":true,"href":"https:\/\/portalnewsgta.com.br\/index.php\/wp-json\/wp\/v2\/media\/37757"}],"wp:attachment":[{"href":"https:\/\/portalnewsgta.com.br\/index.php\/wp-json\/wp\/v2\/media?parent=37756"}],"wp:term":[{"taxonomy":"category","embeddable":true,"href":"https:\/\/portalnewsgta.com.br\/index.php\/wp-json\/wp\/v2\/categories?post=37756"},{"taxonomy":"post_tag","embeddable":true,"href":"https:\/\/portalnewsgta.com.br\/index.php\/wp-json\/wp\/v2\/tags?post=37756"}],"curies":[{"name":"wp","href":"https:\/\/api.w.org\/{rel}","templated":true}]}}